{"id":7231,"date":"2022-08-12T09:25:56","date_gmt":"2022-08-12T07:25:56","guid":{"rendered":"https:\/\/2026.fondationprimat.org\/latlas-dynamique-des-odonates-de-france-est-disponible\/"},"modified":"2022-08-12T09:25:56","modified_gmt":"2022-08-12T07:25:56","slug":"latlas-dynamique-des-odonates-de-france-est-disponible","status":"publish","type":"post","link":"https:\/\/fondationprimat.org\/en\/latlas-dynamique-des-odonates-de-france-est-disponible\/","title":{"rendered":"L&#8217;Atlas dynamique des Odonates de France est disponible !"},"content":{"rendered":"<p>Cet Atlas dynamique compile les donn\u00e9es historiques et actuelles produites. Cet outil combine les connaissances recueillies sur la pr\u00e9sence des Odonates sur le territoire fran\u00e7ais. Il permet de voir leur r\u00e9partition et d&#8217;en apprendre plus sur leur \u00e9cologie gr\u00e2ce aux donn\u00e9es r\u00e9colt\u00e9es.<\/p>\n<p><a href=\"https:\/\/atlas-odonates.insectes.org\/\">Vous pouvez le d\u00e9couvrir ici : https:\/\/atlas-odonates.insectes.org\/<\/a><\/p>\n<p>Ce projet est soutenu par la Fondation Didier et Martine Primat\u00a0 et le Fonds Odonata.<\/p>\n<p><img fetchpriority=\"high\" decoding=\"async\" class=\"alignnone size-full wp-image-4293\" src=\"https:\/\/fondationprimat.org\/wp-content\/uploads\/2022\/08\/Capture-decran-2022-08-12-091232.png\" alt=\"\" width=\"649\" height=\"757\" srcset=\"https:\/\/fondationprimat.org\/wp-content\/uploads\/2022\/08\/Capture-decran-2022-08-12-091232.png 649w, https:\/\/fondationprimat.org\/wp-content\/uploads\/2022\/08\/Capture-decran-2022-08-12-091232-257x300.png 257w\" sizes=\"(max-width: 649px) 100vw, 649px\" \/><\/p>\n","protected":false},"excerpt":{"rendered":"<p>Cet Atlas dynamique compile les donn\u00e9es historiques et actuelles produites. Cet outil combine les connaissances recueillies sur la pr\u00e9sence des Odonates sur le territoire fran\u00e7ais. Il permet de voir leur r\u00e9partition et d&#8217;en apprendre plus sur leur \u00e9cologie gr\u00e2ce aux donn\u00e9es r\u00e9colt\u00e9es. Vous pouvez le d\u00e9couvrir ici : https:\/\/atlas-odonates.insectes.org\/ Ce projet est soutenu par la [&hellip;]<\/p>\n","protected":false},"author":4,"featured_media":4297,"comment_status":"closed","ping_status":"closed","sticky":false,"template":"","format":"standard","meta":{"_acf_changed":false,"footnotes":""},"categories":[2],"tags":[],"class_list":["post-7231","post","type-post","status-publish","format-standard","has-post-thumbnail","hentry","category-uncategorized"],"acf":[],"yoast_head":"<!-- This site is optimized with the Yoast SEO plugin v28.3 - https:\/\/yoast.com\/product\/yoast-seo-wordpress\/ -->\n<title>L&#039;Atlas dynamique des Odonates de France est disponible ! &#8211; Fondation Primat<\/title>\n<meta name=\"robots\" content=\"index, follow, max-snippet:-1, max-image-preview:large, max-video-preview:-1\" \/>\n<link rel=\"canonical\" href=\"https:\/\/fondationprimat.org\/en\/latlas-dynamique-des-odonates-de-france-est-disponible\/\" \/>\n<meta property=\"og:locale\" content=\"en_US\" \/>\n<meta property=\"og:type\" content=\"article\" \/>\n<meta property=\"og:title\" content=\"L&#039;Atlas dynamique des Odonates de France est disponible ! &#8211; Fondation Primat\" \/>\n<meta property=\"og:description\" content=\"Cet Atlas dynamique compile les donn\u00e9es historiques et actuelles produites. Cet outil combine les connaissances recueillies sur la pr\u00e9sence des Odonates sur le territoire fran\u00e7ais. Il permet de voir leur r\u00e9partition et d&#8217;en apprendre plus sur leur \u00e9cologie gr\u00e2ce aux donn\u00e9es r\u00e9colt\u00e9es. Vous pouvez le d\u00e9couvrir ici : https:\/\/atlas-odonates.insectes.org\/ Ce projet est soutenu par la [&hellip;]\" \/>\n<meta property=\"og:url\" content=\"https:\/\/fondationprimat.org\/en\/latlas-dynamique-des-odonates-de-france-est-disponible\/\" \/>\n<meta property=\"og:site_name\" content=\"Fondation Primat\" \/>\n<meta property=\"article:published_time\" content=\"2022-08-12T07:25:56+00:00\" \/>\n<meta property=\"og:image\" content=\"https:\/\/fondationprimat.org\/wp-content\/uploads\/2022\/08\/Libellula-depressa-F.-Lepareur-217113.jpg\" \/>\n\t<meta property=\"og:image:width\" content=\"2560\" \/>\n\t<meta property=\"og:image:height\" content=\"1700\" \/>\n\t<meta property=\"og:image:type\" content=\"image\/jpeg\" \/>\n<meta name=\"author\" content=\"Ga\u00ebl Lugaz\" \/>\n<meta name=\"twitter:card\" content=\"summary_large_image\" \/>\n<meta name=\"twitter:label1\" content=\"Written by\" \/>\n\t<meta name=\"twitter:data1\" content=\"Ga\u00ebl Lugaz\" \/>\n\t<meta name=\"twitter:label2\" content=\"Est. reading time\" \/>\n\t<meta name=\"twitter:data2\" content=\"1 minute\" \/>\n<script type=\"application\/ld+json\" class=\"yoast-schema-graph\">{\"@context\":\"https:\\\/\\\/schema.org\",\"@graph\":[{\"@type\":\"Article\",\"@id\":\"https:\\\/\\\/fondationprimat.org\\\/en\\\/latlas-dynamique-des-odonates-de-france-est-disponible\\\/#article\",\"isPartOf\":{\"@id\":\"https:\\\/\\\/fondationprimat.org\\\/en\\\/latlas-dynamique-des-odonates-de-france-est-disponible\\\/\"},\"author\":{\"name\":\"Ga\u00ebl Lugaz\",\"@id\":\"https:\\\/\\\/fondationprimat.org\\\/#\\\/schema\\\/person\\\/ec184bf89fb6c267cc11ca6e54ab6e5b\"},\"headline\":\"L&#8217;Atlas dynamique des Odonates de France est disponible !\",\"datePublished\":\"2022-08-12T07:25:56+00:00\",\"mainEntityOfPage\":{\"@id\":\"https:\\\/\\\/fondationprimat.org\\\/en\\\/latlas-dynamique-des-odonates-de-france-est-disponible\\\/\"},\"wordCount\":85,\"publisher\":{\"@id\":\"https:\\\/\\\/fondationprimat.org\\\/#organization\"},\"image\":{\"@id\":\"https:\\\/\\\/fondationprimat.org\\\/en\\\/latlas-dynamique-des-odonates-de-france-est-disponible\\\/#primaryimage\"},\"thumbnailUrl\":\"https:\\\/\\\/fondationprimat.org\\\/wp-content\\\/uploads\\\/2022\\\/08\\\/Libellula-depressa-F.-Lepareur-217113.jpg\",\"inLanguage\":\"en-US\"},{\"@type\":\"WebPage\",\"@id\":\"https:\\\/\\\/fondationprimat.org\\\/en\\\/latlas-dynamique-des-odonates-de-france-est-disponible\\\/\",\"url\":\"https:\\\/\\\/fondationprimat.org\\\/en\\\/latlas-dynamique-des-odonates-de-france-est-disponible\\\/\",\"name\":\"L'Atlas dynamique des Odonates de France est disponible ! &#8211; Fondation Primat\",\"isPartOf\":{\"@id\":\"https:\\\/\\\/fondationprimat.org\\\/#website\"},\"primaryImageOfPage\":{\"@id\":\"https:\\\/\\\/fondationprimat.org\\\/en\\\/latlas-dynamique-des-odonates-de-france-est-disponible\\\/#primaryimage\"},\"image\":{\"@id\":\"https:\\\/\\\/fondationprimat.org\\\/en\\\/latlas-dynamique-des-odonates-de-france-est-disponible\\\/#primaryimage\"},\"thumbnailUrl\":\"https:\\\/\\\/fondationprimat.org\\\/wp-content\\\/uploads\\\/2022\\\/08\\\/Libellula-depressa-F.-Lepareur-217113.jpg\",\"datePublished\":\"2022-08-12T07:25:56+00:00\",\"breadcrumb\":{\"@id\":\"https:\\\/\\\/fondationprimat.org\\\/en\\\/latlas-dynamique-des-odonates-de-france-est-disponible\\\/#breadcrumb\"},\"inLanguage\":\"en-US\",\"potentialAction\":[{\"@type\":\"ReadAction\",\"target\":[\"https:\\\/\\\/fondationprimat.org\\\/en\\\/latlas-dynamique-des-odonates-de-france-est-disponible\\\/\"]}]},{\"@type\":\"ImageObject\",\"inLanguage\":\"en-US\",\"@id\":\"https:\\\/\\\/fondationprimat.org\\\/en\\\/latlas-dynamique-des-odonates-de-france-est-disponible\\\/#primaryimage\",\"url\":\"https:\\\/\\\/fondationprimat.org\\\/wp-content\\\/uploads\\\/2022\\\/08\\\/Libellula-depressa-F.-Lepareur-217113.jpg\",\"contentUrl\":\"https:\\\/\\\/fondationprimat.org\\\/wp-content\\\/uploads\\\/2022\\\/08\\\/Libellula-depressa-F.-Lepareur-217113.jpg\",\"width\":2560,\"height\":1700},{\"@type\":\"BreadcrumbList\",\"@id\":\"https:\\\/\\\/fondationprimat.org\\\/en\\\/latlas-dynamique-des-odonates-de-france-est-disponible\\\/#breadcrumb\",\"itemListElement\":[{\"@type\":\"ListItem\",\"position\":1,\"name\":\"Home\",\"item\":\"https:\\\/\\\/fondationprimat.org\\\/en\\\/\"},{\"@type\":\"ListItem\",\"position\":2,\"name\":\"L&#8217;Atlas dynamique des Odonates de France est disponible !\"}]},{\"@type\":\"WebSite\",\"@id\":\"https:\\\/\\\/fondationprimat.org\\\/#website\",\"url\":\"https:\\\/\\\/fondationprimat.org\\\/\",\"name\":\"Fondation Didier et Martine Primat\",\"description\":\"\",\"publisher\":{\"@id\":\"https:\\\/\\\/fondationprimat.org\\\/#organization\"},\"alternateName\":\"Fondation Primat\",\"potentialAction\":[{\"@type\":\"SearchAction\",\"target\":{\"@type\":\"EntryPoint\",\"urlTemplate\":\"https:\\\/\\\/fondationprimat.org\\\/?s={search_term_string}\"},\"query-input\":{\"@type\":\"PropertyValueSpecification\",\"valueRequired\":true,\"valueName\":\"search_term_string\"}}],\"inLanguage\":\"en-US\"},{\"@type\":\"Organization\",\"@id\":\"https:\\\/\\\/fondationprimat.org\\\/#organization\",\"name\":\"Fondation Didier et Martine Primat\",\"url\":\"https:\\\/\\\/fondationprimat.org\\\/\",\"logo\":{\"@type\":\"ImageObject\",\"inLanguage\":\"en-US\",\"@id\":\"https:\\\/\\\/fondationprimat.org\\\/#\\\/schema\\\/logo\\\/image\\\/\",\"url\":\"https:\\\/\\\/fondationprimat.org\\\/wp-content\\\/uploads\\\/2026\\\/09\\\/Logo-Fondation-Primat.png.webp\",\"contentUrl\":\"https:\\\/\\\/fondationprimat.org\\\/wp-content\\\/uploads\\\/2026\\\/09\\\/Logo-Fondation-Primat.png.webp\",\"width\":768,\"height\":742,\"caption\":\"Fondation Didier et Martine Primat\"},\"image\":{\"@id\":\"https:\\\/\\\/fondationprimat.org\\\/#\\\/schema\\\/logo\\\/image\\\/\"}},{\"@type\":\"Person\",\"@id\":\"https:\\\/\\\/fondationprimat.org\\\/#\\\/schema\\\/person\\\/ec184bf89fb6c267cc11ca6e54ab6e5b\",\"name\":\"Ga\u00ebl Lugaz\",\"image\":{\"@type\":\"ImageObject\",\"inLanguage\":\"en-US\",\"@id\":\"https:\\\/\\\/secure.gravatar.com\\\/avatar\\\/ef21b12be65ef847d06267bb1807ba80e502590c8282fd0298a08a7278d44861?s=96&d=mm&r=g\",\"url\":\"https:\\\/\\\/secure.gravatar.com\\\/avatar\\\/ef21b12be65ef847d06267bb1807ba80e502590c8282fd0298a08a7278d44861?s=96&d=mm&r=g\",\"contentUrl\":\"https:\\\/\\\/secure.gravatar.com\\\/avatar\\\/ef21b12be65ef847d06267bb1807ba80e502590c8282fd0298a08a7278d44861?s=96&d=mm&r=g\",\"caption\":\"Ga\u00ebl Lugaz\"}}]}<\/script>\n<!-- \/ Yoast SEO plugin. -->","yoast_head_json":{"title":"L'Atlas dynamique des Odonates de France est disponible ! &#8211; Fondation Primat","robots":{"index":"index","follow":"follow","max-snippet":"max-snippet:-1","max-image-preview":"max-image-preview:large","max-video-preview":"max-video-preview:-1"},"canonical":"https:\/\/fondationprimat.org\/en\/latlas-dynamique-des-odonates-de-france-est-disponible\/","og_locale":"en_US","og_type":"article","og_title":"L'Atlas dynamique des Odonates de France est disponible ! &#8211; Fondation Primat","og_description":"Cet Atlas dynamique compile les donn\u00e9es historiques et actuelles produites. Cet outil combine les connaissances recueillies sur la pr\u00e9sence des Odonates sur le territoire fran\u00e7ais. Il permet de voir leur r\u00e9partition et d&#8217;en apprendre plus sur leur \u00e9cologie gr\u00e2ce aux donn\u00e9es r\u00e9colt\u00e9es. Vous pouvez le d\u00e9couvrir ici : https:\/\/atlas-odonates.insectes.org\/ Ce projet est soutenu par la [&hellip;]","og_url":"https:\/\/fondationprimat.org\/en\/latlas-dynamique-des-odonates-de-france-est-disponible\/","og_site_name":"Fondation Primat","article_published_time":"2022-08-12T07:25:56+00:00","og_image":[{"width":2560,"height":1700,"url":"https:\/\/fondationprimat.org\/wp-content\/uploads\/2022\/08\/Libellula-depressa-F.-Lepareur-217113.jpg","type":"image\/jpeg"}],"author":"Ga\u00ebl Lugaz","twitter_card":"summary_large_image","twitter_misc":{"Written by":"Ga\u00ebl Lugaz","Est. reading time":"1 minute"},"schema":{"@context":"https:\/\/schema.org","@graph":[{"@type":"Article","@id":"https:\/\/fondationprimat.org\/en\/latlas-dynamique-des-odonates-de-france-est-disponible\/#article","isPartOf":{"@id":"https:\/\/fondationprimat.org\/en\/latlas-dynamique-des-odonates-de-france-est-disponible\/"},"author":{"name":"Ga\u00ebl Lugaz","@id":"https:\/\/fondationprimat.org\/#\/schema\/person\/ec184bf89fb6c267cc11ca6e54ab6e5b"},"headline":"L&#8217;Atlas dynamique des Odonates de France est disponible !","datePublished":"2022-08-12T07:25:56+00:00","mainEntityOfPage":{"@id":"https:\/\/fondationprimat.org\/en\/latlas-dynamique-des-odonates-de-france-est-disponible\/"},"wordCount":85,"publisher":{"@id":"https:\/\/fondationprimat.org\/#organization"},"image":{"@id":"https:\/\/fondationprimat.org\/en\/latlas-dynamique-des-odonates-de-france-est-disponible\/#primaryimage"},"thumbnailUrl":"https:\/\/fondationprimat.org\/wp-content\/uploads\/2022\/08\/Libellula-depressa-F.-Lepareur-217113.jpg","inLanguage":"en-US"},{"@type":"WebPage","@id":"https:\/\/fondationprimat.org\/en\/latlas-dynamique-des-odonates-de-france-est-disponible\/","url":"https:\/\/fondationprimat.org\/en\/latlas-dynamique-des-odonates-de-france-est-disponible\/","name":"L'Atlas dynamique des Odonates de France est disponible ! &#8211; Fondation Primat","isPartOf":{"@id":"https:\/\/fondationprimat.org\/#website"},"primaryImageOfPage":{"@id":"https:\/\/fondationprimat.org\/en\/latlas-dynamique-des-odonates-de-france-est-disponible\/#primaryimage"},"image":{"@id":"https:\/\/fondationprimat.org\/en\/latlas-dynamique-des-odonates-de-france-est-disponible\/#primaryimage"},"thumbnailUrl":"https:\/\/fondationprimat.org\/wp-content\/uploads\/2022\/08\/Libellula-depressa-F.-Lepareur-217113.jpg","datePublished":"2022-08-12T07:25:56+00:00","breadcrumb":{"@id":"https:\/\/fondationprimat.org\/en\/latlas-dynamique-des-odonates-de-france-est-disponible\/#breadcrumb"},"inLanguage":"en-US","potentialAction":[{"@type":"ReadAction","target":["https:\/\/fondationprimat.org\/en\/latlas-dynamique-des-odonates-de-france-est-disponible\/"]}]},{"@type":"ImageObject","inLanguage":"en-US","@id":"https:\/\/fondationprimat.org\/en\/latlas-dynamique-des-odonates-de-france-est-disponible\/#primaryimage","url":"https:\/\/fondationprimat.org\/wp-content\/uploads\/2022\/08\/Libellula-depressa-F.-Lepareur-217113.jpg","contentUrl":"https:\/\/fondationprimat.org\/wp-content\/uploads\/2022\/08\/Libellula-depressa-F.-Lepareur-217113.jpg","width":2560,"height":1700},{"@type":"BreadcrumbList","@id":"https:\/\/fondationprimat.org\/en\/latlas-dynamique-des-odonates-de-france-est-disponible\/#breadcrumb","itemListElement":[{"@type":"ListItem","position":1,"name":"Home","item":"https:\/\/fondationprimat.org\/en\/"},{"@type":"ListItem","position":2,"name":"L&#8217;Atlas dynamique des Odonates de France est disponible !"}]},{"@type":"WebSite","@id":"https:\/\/fondationprimat.org\/#website","url":"https:\/\/fondationprimat.org\/","name":"Fondation Didier et Martine Primat","description":"","publisher":{"@id":"https:\/\/fondationprimat.org\/#organization"},"alternateName":"Fondation Primat","potentialAction":[{"@type":"SearchAction","target":{"@type":"EntryPoint","urlTemplate":"https:\/\/fondationprimat.org\/?s={search_term_string}"},"query-input":{"@type":"PropertyValueSpecification","valueRequired":true,"valueName":"search_term_string"}}],"inLanguage":"en-US"},{"@type":"Organization","@id":"https:\/\/fondationprimat.org\/#organization","name":"Fondation Didier et Martine Primat","url":"https:\/\/fondationprimat.org\/","logo":{"@type":"ImageObject","inLanguage":"en-US","@id":"https:\/\/fondationprimat.org\/#\/schema\/logo\/image\/","url":"https:\/\/fondationprimat.org\/wp-content\/uploads\/2026\/09\/Logo-Fondation-Primat.png.webp","contentUrl":"https:\/\/fondationprimat.org\/wp-content\/uploads\/2026\/09\/Logo-Fondation-Primat.png.webp","width":768,"height":742,"caption":"Fondation Didier et Martine Primat"},"image":{"@id":"https:\/\/fondationprimat.org\/#\/schema\/logo\/image\/"}},{"@type":"Person","@id":"https:\/\/fondationprimat.org\/#\/schema\/person\/ec184bf89fb6c267cc11ca6e54ab6e5b","name":"Ga\u00ebl Lugaz","image":{"@type":"ImageObject","inLanguage":"en-US","@id":"https:\/\/secure.gravatar.com\/avatar\/ef21b12be65ef847d06267bb1807ba80e502590c8282fd0298a08a7278d44861?s=96&d=mm&r=g","url":"https:\/\/secure.gravatar.com\/avatar\/ef21b12be65ef847d06267bb1807ba80e502590c8282fd0298a08a7278d44861?s=96&d=mm&r=g","contentUrl":"https:\/\/secure.gravatar.com\/avatar\/ef21b12be65ef847d06267bb1807ba80e502590c8282fd0298a08a7278d44861?s=96&d=mm&r=g","caption":"Ga\u00ebl Lugaz"}}]}},"_links":{"self":[{"href":"https:\/\/fondationprimat.org\/en\/wp-json\/wp\/v2\/posts\/7231","targetHints":{"allow":["GET"]}}],"collection":[{"href":"https:\/\/fondationprimat.org\/en\/wp-json\/wp\/v2\/posts"}],"about":[{"href":"https:\/\/fondationprimat.org\/en\/wp-json\/wp\/v2\/types\/post"}],"author":[{"embeddable":true,"href":"https:\/\/fondationprimat.org\/en\/wp-json\/wp\/v2\/users\/4"}],"replies":[{"embeddable":true,"href":"https:\/\/fondationprimat.org\/en\/wp-json\/wp\/v2\/comments?post=7231"}],"version-history":[{"count":0,"href":"https:\/\/fondationprimat.org\/en\/wp-json\/wp\/v2\/posts\/7231\/revisions"}],"wp:featuredmedia":[{"embeddable":true,"href":"https:\/\/fondationprimat.org\/en\/wp-json\/wp\/v2\/media\/4297"}],"wp:attachment":[{"href":"https:\/\/fondationprimat.org\/en\/wp-json\/wp\/v2\/media?parent=7231"}],"wp:term":[{"taxonomy":"category","embeddable":true,"href":"https:\/\/fondationprimat.org\/en\/wp-json\/wp\/v2\/categories?post=7231"},{"taxonomy":"post_tag","embeddable":true,"href":"https:\/\/fondationprimat.org\/en\/wp-json\/wp\/v2\/tags?post=7231"}],"curies":[{"name":"wp","href":"https:\/\/api.w.org\/{rel}","templated":true}]}}