{"id":7228,"date":"2023-02-23T14:59:04","date_gmt":"2023-02-23T13:59:04","guid":{"rendered":"https:\/\/2026.fondationprimat.org\/festival-nature-la-cheveche-2023\/"},"modified":"2026-06-03T02:50:26","modified_gmt":"2026-06-03T00:50:26","slug":"festival-nature-la-cheveche-2023","status":"publish","type":"post","link":"https:\/\/fondationprimat.org\/en\/festival-nature-la-cheveche-2023\/","title":{"rendered":"Festival Nature la Chev\u00eache 2023"},"content":{"rendered":"<div class=\"wpb_text_column wpb_content_element \">\n<div class=\"wpb_wrapper\">\n<h2><strong>Promenons nous dans les bois tant que\u2026<\/strong><\/h2>\n<\/div>\n<\/div>\n<div class=\"wpb_text_column wpb_content_element \">\n<div class=\"wpb_wrapper\">\n<h3>Les rendez-vous chev\u00eache du\u00a01er au 23 mars<br \/>\nLe weekend chev\u00eache, les 24, 25 et 26 mars<\/h3>\n<p><b>La for\u00eat<\/b>,\u00a0pour son enjeu environnemental, social, \u00e9conomique et spirituel.<b><br \/>\n<\/b>La for\u00eat est de plus en plus au c\u0153ur des actualit\u00e9s au travers des incendies de cet \u00e9t\u00e9, l\u2019augmentation de la demande en bois et les difficult\u00e9s d\u2019approvisionnement, le changement climatique, la perte de la biodiversit\u00e9 ainsi le festival sera l\u2019occasion de mieux connaitre les nombreux enjeux et les multiples interactions.<\/p>\n<p>En tant que <a href=\"https:\/\/www.cpie-perigordlimousin.org\/festival-la-cheveche\/rendez-vous\/\">festival<\/a>, nous souhaitons que la chev\u00eache reste un lieu de partage de connaissance, d\u2019\u00e9merveillement et d\u2019\u00e9changes de solution pour mieux pr\u00e9server la for\u00eat.<\/p>\n<p>Le Festival inclut des visites ax\u00e9es sur la nature, la faune et la flore des for\u00eats du <a href=\"https:\/\/domainedesetangs.com\/fr\/\">Domaine des Etangs,<\/a> autour des interactions vertueuses entre l\u2019homme et la nature. <a href=\"https:\/\/www.cpie-perigordlimousin.org\/festival-la-cheveche\/rendez-vous\/\">Samedi 11 et 18 mars \u00e0 partir de 14h30.\u00a0<\/a><\/p>\n<\/div>\n<\/div>\n","protected":false},"excerpt":{"rendered":"<p>Promenons nous dans les bois tant que\u2026 Les rendez-vous chev\u00eache du\u00a01er au 23 mars Le weekend chev\u00eache, les 24, 25 et 26 mars La for\u00eat,\u00a0pour son enjeu environnemental, social, \u00e9conomique et spirituel. La for\u00eat est de plus en plus au c\u0153ur des actualit\u00e9s au travers des incendies de cet \u00e9t\u00e9, l\u2019augmentation de la demande en [&hellip;]<\/p>\n","protected":false},"author":4,"featured_media":4398,"comment_status":"closed","ping_status":"closed","sticky":false,"template":"","format":"standard","meta":{"_acf_changed":false,"footnotes":""},"categories":[76,81],"tags":[],"class_list":["post-7228","post","type-post","status-publish","format-standard","has-post-thumbnail","hentry","category-environnement","category-featured"],"acf":[],"yoast_head":"<!-- This site is optimized with the Yoast SEO plugin v28.3 - https:\/\/yoast.com\/product\/yoast-seo-wordpress\/ -->\n<title>Festival Nature la Chev\u00eache 2023 &#8211; Fondation Primat<\/title>\n<meta name=\"robots\" content=\"index, follow, max-snippet:-1, max-image-preview:large, max-video-preview:-1\" \/>\n<link rel=\"canonical\" href=\"https:\/\/fondationprimat.org\/en\/festival-nature-la-cheveche-2023\/\" \/>\n<meta property=\"og:locale\" content=\"en_US\" \/>\n<meta property=\"og:type\" content=\"article\" \/>\n<meta property=\"og:title\" content=\"Festival Nature la Chev\u00eache 2023 &#8211; Fondation Primat\" \/>\n<meta property=\"og:description\" content=\"Promenons nous dans les bois tant que\u2026 Les rendez-vous chev\u00eache du\u00a01er au 23 mars Le weekend chev\u00eache, les 24, 25 et 26 mars La for\u00eat,\u00a0pour son enjeu environnemental, social, \u00e9conomique et spirituel. La for\u00eat est de plus en plus au c\u0153ur des actualit\u00e9s au travers des incendies de cet \u00e9t\u00e9, l\u2019augmentation de la demande en [&hellip;]\" \/>\n<meta property=\"og:url\" content=\"https:\/\/fondationprimat.org\/en\/festival-nature-la-cheveche-2023\/\" \/>\n<meta property=\"og:site_name\" content=\"Fondation Primat\" \/>\n<meta property=\"article:published_time\" content=\"2023-02-23T13:59:04+00:00\" \/>\n<meta property=\"article:modified_time\" content=\"2026-06-03T00:50:26+00:00\" \/>\n<meta property=\"og:image\" content=\"https:\/\/fondationprimat.org\/wp-content\/uploads\/2022\/10\/Photo2.jpg\" \/>\n\t<meta property=\"og:image:width\" content=\"2560\" \/>\n\t<meta property=\"og:image:height\" content=\"1707\" \/>\n\t<meta property=\"og:image:type\" content=\"image\/jpeg\" \/>\n<meta name=\"author\" content=\"Ga\u00ebl Lugaz\" \/>\n<meta name=\"twitter:card\" content=\"summary_large_image\" \/>\n<meta name=\"twitter:label1\" content=\"Written by\" \/>\n\t<meta name=\"twitter:data1\" content=\"Ga\u00ebl Lugaz\" \/>\n\t<meta name=\"twitter:label2\" content=\"Est. reading time\" \/>\n\t<meta name=\"twitter:data2\" content=\"1 minute\" \/>\n<script type=\"application\/ld+json\" class=\"yoast-schema-graph\">{\"@context\":\"https:\\\/\\\/schema.org\",\"@graph\":[{\"@type\":\"Article\",\"@id\":\"https:\\\/\\\/fondationprimat.org\\\/en\\\/festival-nature-la-cheveche-2023\\\/#article\",\"isPartOf\":{\"@id\":\"https:\\\/\\\/fondationprimat.org\\\/en\\\/festival-nature-la-cheveche-2023\\\/\"},\"author\":{\"name\":\"Ga\u00ebl Lugaz\",\"@id\":\"https:\\\/\\\/fondationprimat.org\\\/#\\\/schema\\\/person\\\/ec184bf89fb6c267cc11ca6e54ab6e5b\"},\"headline\":\"Festival Nature la Chev\u00eache 2023\",\"datePublished\":\"2023-02-23T13:59:04+00:00\",\"dateModified\":\"2026-06-03T00:50:26+00:00\",\"mainEntityOfPage\":{\"@id\":\"https:\\\/\\\/fondationprimat.org\\\/en\\\/festival-nature-la-cheveche-2023\\\/\"},\"wordCount\":165,\"publisher\":{\"@id\":\"https:\\\/\\\/fondationprimat.org\\\/#organization\"},\"image\":{\"@id\":\"https:\\\/\\\/fondationprimat.org\\\/en\\\/festival-nature-la-cheveche-2023\\\/#primaryimage\"},\"thumbnailUrl\":\"https:\\\/\\\/fondationprimat.org\\\/wp-content\\\/uploads\\\/2022\\\/10\\\/Photo2.jpg\",\"articleSection\":[\"Environnement\",\"Homepage Featured\"],\"inLanguage\":\"en-US\"},{\"@type\":\"WebPage\",\"@id\":\"https:\\\/\\\/fondationprimat.org\\\/en\\\/festival-nature-la-cheveche-2023\\\/\",\"url\":\"https:\\\/\\\/fondationprimat.org\\\/en\\\/festival-nature-la-cheveche-2023\\\/\",\"name\":\"Festival Nature la Chev\u00eache 2023 &#8211; Fondation Primat\",\"isPartOf\":{\"@id\":\"https:\\\/\\\/fondationprimat.org\\\/#website\"},\"primaryImageOfPage\":{\"@id\":\"https:\\\/\\\/fondationprimat.org\\\/en\\\/festival-nature-la-cheveche-2023\\\/#primaryimage\"},\"image\":{\"@id\":\"https:\\\/\\\/fondationprimat.org\\\/en\\\/festival-nature-la-cheveche-2023\\\/#primaryimage\"},\"thumbnailUrl\":\"https:\\\/\\\/fondationprimat.org\\\/wp-content\\\/uploads\\\/2022\\\/10\\\/Photo2.jpg\",\"datePublished\":\"2023-02-23T13:59:04+00:00\",\"dateModified\":\"2026-06-03T00:50:26+00:00\",\"breadcrumb\":{\"@id\":\"https:\\\/\\\/fondationprimat.org\\\/en\\\/festival-nature-la-cheveche-2023\\\/#breadcrumb\"},\"inLanguage\":\"en-US\",\"potentialAction\":[{\"@type\":\"ReadAction\",\"target\":[\"https:\\\/\\\/fondationprimat.org\\\/en\\\/festival-nature-la-cheveche-2023\\\/\"]}]},{\"@type\":\"ImageObject\",\"inLanguage\":\"en-US\",\"@id\":\"https:\\\/\\\/fondationprimat.org\\\/en\\\/festival-nature-la-cheveche-2023\\\/#primaryimage\",\"url\":\"https:\\\/\\\/fondationprimat.org\\\/wp-content\\\/uploads\\\/2022\\\/10\\\/Photo2.jpg\",\"contentUrl\":\"https:\\\/\\\/fondationprimat.org\\\/wp-content\\\/uploads\\\/2022\\\/10\\\/Photo2.jpg\",\"width\":2560,\"height\":1707},{\"@type\":\"BreadcrumbList\",\"@id\":\"https:\\\/\\\/fondationprimat.org\\\/en\\\/festival-nature-la-cheveche-2023\\\/#breadcrumb\",\"itemListElement\":[{\"@type\":\"ListItem\",\"position\":1,\"name\":\"Home\",\"item\":\"https:\\\/\\\/fondationprimat.org\\\/en\\\/\"},{\"@type\":\"ListItem\",\"position\":2,\"name\":\"Festival Nature la Chev\u00eache 2023\"}]},{\"@type\":\"WebSite\",\"@id\":\"https:\\\/\\\/fondationprimat.org\\\/#website\",\"url\":\"https:\\\/\\\/fondationprimat.org\\\/\",\"name\":\"Fondation Didier et Martine Primat\",\"description\":\"\",\"publisher\":{\"@id\":\"https:\\\/\\\/fondationprimat.org\\\/#organization\"},\"alternateName\":\"Fondation Primat\",\"potentialAction\":[{\"@type\":\"SearchAction\",\"target\":{\"@type\":\"EntryPoint\",\"urlTemplate\":\"https:\\\/\\\/fondationprimat.org\\\/?s={search_term_string}\"},\"query-input\":{\"@type\":\"PropertyValueSpecification\",\"valueRequired\":true,\"valueName\":\"search_term_string\"}}],\"inLanguage\":\"en-US\"},{\"@type\":\"Organization\",\"@id\":\"https:\\\/\\\/fondationprimat.org\\\/#organization\",\"name\":\"Fondation Didier et Martine Primat\",\"url\":\"https:\\\/\\\/fondationprimat.org\\\/\",\"logo\":{\"@type\":\"ImageObject\",\"inLanguage\":\"en-US\",\"@id\":\"https:\\\/\\\/fondationprimat.org\\\/#\\\/schema\\\/logo\\\/image\\\/\",\"url\":\"https:\\\/\\\/fondationprimat.org\\\/wp-content\\\/uploads\\\/2026\\\/09\\\/Logo-Fondation-Primat.png.webp\",\"contentUrl\":\"https:\\\/\\\/fondationprimat.org\\\/wp-content\\\/uploads\\\/2026\\\/09\\\/Logo-Fondation-Primat.png.webp\",\"width\":768,\"height\":742,\"caption\":\"Fondation Didier et Martine Primat\"},\"image\":{\"@id\":\"https:\\\/\\\/fondationprimat.org\\\/#\\\/schema\\\/logo\\\/image\\\/\"}},{\"@type\":\"Person\",\"@id\":\"https:\\\/\\\/fondationprimat.org\\\/#\\\/schema\\\/person\\\/ec184bf89fb6c267cc11ca6e54ab6e5b\",\"name\":\"Ga\u00ebl Lugaz\",\"image\":{\"@type\":\"ImageObject\",\"inLanguage\":\"en-US\",\"@id\":\"https:\\\/\\\/secure.gravatar.com\\\/avatar\\\/ef21b12be65ef847d06267bb1807ba80e502590c8282fd0298a08a7278d44861?s=96&d=mm&r=g\",\"url\":\"https:\\\/\\\/secure.gravatar.com\\\/avatar\\\/ef21b12be65ef847d06267bb1807ba80e502590c8282fd0298a08a7278d44861?s=96&d=mm&r=g\",\"contentUrl\":\"https:\\\/\\\/secure.gravatar.com\\\/avatar\\\/ef21b12be65ef847d06267bb1807ba80e502590c8282fd0298a08a7278d44861?s=96&d=mm&r=g\",\"caption\":\"Ga\u00ebl Lugaz\"}}]}<\/script>\n<!-- \/ Yoast SEO plugin. -->","yoast_head_json":{"title":"Festival Nature la Chev\u00eache 2023 &#8211; Fondation Primat","robots":{"index":"index","follow":"follow","max-snippet":"max-snippet:-1","max-image-preview":"max-image-preview:large","max-video-preview":"max-video-preview:-1"},"canonical":"https:\/\/fondationprimat.org\/en\/festival-nature-la-cheveche-2023\/","og_locale":"en_US","og_type":"article","og_title":"Festival Nature la Chev\u00eache 2023 &#8211; Fondation Primat","og_description":"Promenons nous dans les bois tant que\u2026 Les rendez-vous chev\u00eache du\u00a01er au 23 mars Le weekend chev\u00eache, les 24, 25 et 26 mars La for\u00eat,\u00a0pour son enjeu environnemental, social, \u00e9conomique et spirituel. La for\u00eat est de plus en plus au c\u0153ur des actualit\u00e9s au travers des incendies de cet \u00e9t\u00e9, l\u2019augmentation de la demande en [&hellip;]","og_url":"https:\/\/fondationprimat.org\/en\/festival-nature-la-cheveche-2023\/","og_site_name":"Fondation Primat","article_published_time":"2023-02-23T13:59:04+00:00","article_modified_time":"2026-06-03T00:50:26+00:00","og_image":[{"width":2560,"height":1707,"url":"https:\/\/fondationprimat.org\/wp-content\/uploads\/2022\/10\/Photo2.jpg","type":"image\/jpeg"}],"author":"Ga\u00ebl Lugaz","twitter_card":"summary_large_image","twitter_misc":{"Written by":"Ga\u00ebl Lugaz","Est. reading time":"1 minute"},"schema":{"@context":"https:\/\/schema.org","@graph":[{"@type":"Article","@id":"https:\/\/fondationprimat.org\/en\/festival-nature-la-cheveche-2023\/#article","isPartOf":{"@id":"https:\/\/fondationprimat.org\/en\/festival-nature-la-cheveche-2023\/"},"author":{"name":"Ga\u00ebl Lugaz","@id":"https:\/\/fondationprimat.org\/#\/schema\/person\/ec184bf89fb6c267cc11ca6e54ab6e5b"},"headline":"Festival Nature la Chev\u00eache 2023","datePublished":"2023-02-23T13:59:04+00:00","dateModified":"2026-06-03T00:50:26+00:00","mainEntityOfPage":{"@id":"https:\/\/fondationprimat.org\/en\/festival-nature-la-cheveche-2023\/"},"wordCount":165,"publisher":{"@id":"https:\/\/fondationprimat.org\/#organization"},"image":{"@id":"https:\/\/fondationprimat.org\/en\/festival-nature-la-cheveche-2023\/#primaryimage"},"thumbnailUrl":"https:\/\/fondationprimat.org\/wp-content\/uploads\/2022\/10\/Photo2.jpg","articleSection":["Environnement","Homepage Featured"],"inLanguage":"en-US"},{"@type":"WebPage","@id":"https:\/\/fondationprimat.org\/en\/festival-nature-la-cheveche-2023\/","url":"https:\/\/fondationprimat.org\/en\/festival-nature-la-cheveche-2023\/","name":"Festival Nature la Chev\u00eache 2023 &#8211; Fondation Primat","isPartOf":{"@id":"https:\/\/fondationprimat.org\/#website"},"primaryImageOfPage":{"@id":"https:\/\/fondationprimat.org\/en\/festival-nature-la-cheveche-2023\/#primaryimage"},"image":{"@id":"https:\/\/fondationprimat.org\/en\/festival-nature-la-cheveche-2023\/#primaryimage"},"thumbnailUrl":"https:\/\/fondationprimat.org\/wp-content\/uploads\/2022\/10\/Photo2.jpg","datePublished":"2023-02-23T13:59:04+00:00","dateModified":"2026-06-03T00:50:26+00:00","breadcrumb":{"@id":"https:\/\/fondationprimat.org\/en\/festival-nature-la-cheveche-2023\/#breadcrumb"},"inLanguage":"en-US","potentialAction":[{"@type":"ReadAction","target":["https:\/\/fondationprimat.org\/en\/festival-nature-la-cheveche-2023\/"]}]},{"@type":"ImageObject","inLanguage":"en-US","@id":"https:\/\/fondationprimat.org\/en\/festival-nature-la-cheveche-2023\/#primaryimage","url":"https:\/\/fondationprimat.org\/wp-content\/uploads\/2022\/10\/Photo2.jpg","contentUrl":"https:\/\/fondationprimat.org\/wp-content\/uploads\/2022\/10\/Photo2.jpg","width":2560,"height":1707},{"@type":"BreadcrumbList","@id":"https:\/\/fondationprimat.org\/en\/festival-nature-la-cheveche-2023\/#breadcrumb","itemListElement":[{"@type":"ListItem","position":1,"name":"Home","item":"https:\/\/fondationprimat.org\/en\/"},{"@type":"ListItem","position":2,"name":"Festival Nature la Chev\u00eache 2023"}]},{"@type":"WebSite","@id":"https:\/\/fondationprimat.org\/#website","url":"https:\/\/fondationprimat.org\/","name":"Fondation Didier et Martine Primat","description":"","publisher":{"@id":"https:\/\/fondationprimat.org\/#organization"},"alternateName":"Fondation Primat","potentialAction":[{"@type":"SearchAction","target":{"@type":"EntryPoint","urlTemplate":"https:\/\/fondationprimat.org\/?s={search_term_string}"},"query-input":{"@type":"PropertyValueSpecification","valueRequired":true,"valueName":"search_term_string"}}],"inLanguage":"en-US"},{"@type":"Organization","@id":"https:\/\/fondationprimat.org\/#organization","name":"Fondation Didier et Martine Primat","url":"https:\/\/fondationprimat.org\/","logo":{"@type":"ImageObject","inLanguage":"en-US","@id":"https:\/\/fondationprimat.org\/#\/schema\/logo\/image\/","url":"https:\/\/fondationprimat.org\/wp-content\/uploads\/2026\/09\/Logo-Fondation-Primat.png.webp","contentUrl":"https:\/\/fondationprimat.org\/wp-content\/uploads\/2026\/09\/Logo-Fondation-Primat.png.webp","width":768,"height":742,"caption":"Fondation Didier et Martine Primat"},"image":{"@id":"https:\/\/fondationprimat.org\/#\/schema\/logo\/image\/"}},{"@type":"Person","@id":"https:\/\/fondationprimat.org\/#\/schema\/person\/ec184bf89fb6c267cc11ca6e54ab6e5b","name":"Ga\u00ebl Lugaz","image":{"@type":"ImageObject","inLanguage":"en-US","@id":"https:\/\/secure.gravatar.com\/avatar\/ef21b12be65ef847d06267bb1807ba80e502590c8282fd0298a08a7278d44861?s=96&d=mm&r=g","url":"https:\/\/secure.gravatar.com\/avatar\/ef21b12be65ef847d06267bb1807ba80e502590c8282fd0298a08a7278d44861?s=96&d=mm&r=g","contentUrl":"https:\/\/secure.gravatar.com\/avatar\/ef21b12be65ef847d06267bb1807ba80e502590c8282fd0298a08a7278d44861?s=96&d=mm&r=g","caption":"Ga\u00ebl Lugaz"}}]}},"_links":{"self":[{"href":"https:\/\/fondationprimat.org\/en\/wp-json\/wp\/v2\/posts\/7228","targetHints":{"allow":["GET"]}}],"collection":[{"href":"https:\/\/fondationprimat.org\/en\/wp-json\/wp\/v2\/posts"}],"about":[{"href":"https:\/\/fondationprimat.org\/en\/wp-json\/wp\/v2\/types\/post"}],"author":[{"embeddable":true,"href":"https:\/\/fondationprimat.org\/en\/wp-json\/wp\/v2\/users\/4"}],"replies":[{"embeddable":true,"href":"https:\/\/fondationprimat.org\/en\/wp-json\/wp\/v2\/comments?post=7228"}],"version-history":[{"count":1,"href":"https:\/\/fondationprimat.org\/en\/wp-json\/wp\/v2\/posts\/7228\/revisions"}],"predecessor-version":[{"id":8770,"href":"https:\/\/fondationprimat.org\/en\/wp-json\/wp\/v2\/posts\/7228\/revisions\/8770"}],"wp:featuredmedia":[{"embeddable":true,"href":"https:\/\/fondationprimat.org\/en\/wp-json\/wp\/v2\/media\/4398"}],"wp:attachment":[{"href":"https:\/\/fondationprimat.org\/en\/wp-json\/wp\/v2\/media?parent=7228"}],"wp:term":[{"taxonomy":"category","embeddable":true,"href":"https:\/\/fondationprimat.org\/en\/wp-json\/wp\/v2\/categories?post=7228"},{"taxonomy":"post_tag","embeddable":true,"href":"https:\/\/fondationprimat.org\/en\/wp-json\/wp\/v2\/tags?post=7228"}],"curies":[{"name":"wp","href":"https:\/\/api.w.org\/{rel}","templated":true}]}}