{"id":7227,"date":"2023-04-04T16:20:28","date_gmt":"2023-04-04T14:20:28","guid":{"rendered":"https:\/\/2026.fondationprimat.org\/dans-les-glaces-de-larctique-la-course-est-lancee-pour-sauver-la-memoire-du-climat\/"},"modified":"2023-04-04T16:20:28","modified_gmt":"2023-04-04T14:20:28","slug":"dans-les-glaces-de-larctique-la-course-est-lancee-pour-sauver-la-memoire-du-climat","status":"publish","type":"post","link":"https:\/\/fondationprimat.org\/en\/dans-les-glaces-de-larctique-la-course-est-lancee-pour-sauver-la-memoire-du-climat\/","title":{"rendered":"Dans les glaces de l&#8217;Arctique, la course est lanc\u00e9e pour sauver la m\u00e9moire du climat"},"content":{"rendered":"<p>Une \u00e9quipe de chercheurs va commencer <strong>aujourd&#8217;hui<\/strong> <strong>mardi<\/strong> le forage des glaces de l&#8217;archipel arctique du Svalbard dans une course contre la montre pour pr\u00e9lever des si\u00e8cles de donn\u00e9es climatiques et environnementales avant leur disparition sous l&#8217;effet du r\u00e9chauffement, a annonc\u00e9 lundi la fondation Ice Memory.<\/p>\n<p>\u201cLes glaciers des hautes latitudes, comme ceux de l\u2019Arctique, ont commenc\u00e9 \u00e0 fondre \u00e0 grande vitesse. Nous voulons r\u00e9cup\u00e9rer et pr\u00e9server, pour les g\u00e9n\u00e9rations futures de scientifiques, ces extraordinaires archives du climat de notre plan\u00e8te avant que toutes les informations qu\u2019elles contiennent ne soient compl\u00e8tement perdues\u201d, indique Carlo Barbante, directeur de l\u2019Institut des sciences polaires du Conseil national de la recherche italien et vice-pr\u00e9sident de la Fondation, dans un communiqu\u00e9.<\/p>\n<p>Les huit scientifiques de France, Italie et Norv\u00e8ge, un sp\u00e9cialiste du forage et un guide de montagne rapporteront de cette r\u00e9gion qui se r\u00e9chauffe nettement plus vite que la moyenne mondiale deux carottes de glace de 125 m\u00e8tres de long. L\u2019une sera analys\u00e9e prochainement et l\u2019autre conserv\u00e9e dans l\u2019Antarctique pour les g\u00e9n\u00e9rations futures, \u00e0 l\u2019issue d\u2019un v\u00e9ritable d\u00e9fi lanc\u00e9 \u00e0 la logistique des cha\u00eenes du froid.<\/p>\n<p><a href=\"https:\/\/intranet.primwest.com\/wp-content\/uploads\/2023\/04\/Operation-Ice-Memory-Svalbard-2023-final-1.pdf\">Ice Memory Svalbard 2023 final (1)<\/a><\/p>\n<p><a href=\"https:\/\/www.ice-memory.org\/ice-memory-foundation-\/saving-the-ice-memory-of-svalbard-s-glaciers-where-global-warming-impacts-are-going-4-times-faster-1224000.kjsp?RH=1832088615308700\">Press Release: [NEW OPERATION] Saving the ice memory of Svalbard\u2019s glaciers where global warming impacts are going 4 times faster &#8211; Ice Memory Foundation (ice-memory.org)<\/a><\/p>\n<p>&nbsp;<\/p>\n","protected":false},"excerpt":{"rendered":"<p>Une \u00e9quipe de chercheurs va commencer aujourd&#8217;hui mardi le forage des glaces de l&#8217;archipel arctique du Svalbard dans une course contre la montre pour pr\u00e9lever des si\u00e8cles de donn\u00e9es climatiques et environnementales avant leur disparition sous l&#8217;effet du r\u00e9chauffement, a annonc\u00e9 lundi la fondation Ice Memory. \u201cLes glaciers des hautes latitudes, comme ceux de l\u2019Arctique, [&hellip;]<\/p>\n","protected":false},"author":4,"featured_media":4942,"comment_status":"closed","ping_status":"closed","sticky":false,"template":"","format":"standard","meta":{"_acf_changed":false,"footnotes":""},"categories":[76],"tags":[],"class_list":["post-7227","post","type-post","status-publish","format-standard","has-post-thumbnail","hentry","category-environnement"],"acf":[],"yoast_head":"<!-- This site is optimized with the Yoast SEO plugin v28.3 - https:\/\/yoast.com\/product\/yoast-seo-wordpress\/ -->\n<title>Dans les glaces de l&#039;Arctique, la course est lanc\u00e9e pour sauver la m\u00e9moire du climat &#8211; Fondation Primat<\/title>\n<meta name=\"robots\" content=\"index, follow, max-snippet:-1, max-image-preview:large, max-video-preview:-1\" \/>\n<link rel=\"canonical\" href=\"https:\/\/fondationprimat.org\/en\/dans-les-glaces-de-larctique-la-course-est-lancee-pour-sauver-la-memoire-du-climat\/\" \/>\n<meta property=\"og:locale\" content=\"en_US\" \/>\n<meta property=\"og:type\" content=\"article\" \/>\n<meta property=\"og:title\" content=\"Dans les glaces de l&#039;Arctique, la course est lanc\u00e9e pour sauver la m\u00e9moire du climat &#8211; Fondation Primat\" \/>\n<meta property=\"og:description\" content=\"Une \u00e9quipe de chercheurs va commencer aujourd&#8217;hui mardi le forage des glaces de l&#8217;archipel arctique du Svalbard dans une course contre la montre pour pr\u00e9lever des si\u00e8cles de donn\u00e9es climatiques et environnementales avant leur disparition sous l&#8217;effet du r\u00e9chauffement, a annonc\u00e9 lundi la fondation Ice Memory. \u201cLes glaciers des hautes latitudes, comme ceux de l\u2019Arctique, [&hellip;]\" \/>\n<meta property=\"og:url\" content=\"https:\/\/fondationprimat.org\/en\/dans-les-glaces-de-larctique-la-course-est-lancee-pour-sauver-la-memoire-du-climat\/\" \/>\n<meta property=\"og:site_name\" content=\"Fondation Primat\" \/>\n<meta property=\"article:published_time\" content=\"2023-04-04T14:20:28+00:00\" \/>\n<meta property=\"og:image\" content=\"https:\/\/fondationprimat.org\/wp-content\/uploads\/2023\/04\/1680524362275.jpg\" \/>\n\t<meta property=\"og:image:width\" content=\"800\" \/>\n\t<meta property=\"og:image:height\" content=\"449\" \/>\n\t<meta property=\"og:image:type\" content=\"image\/jpeg\" \/>\n<meta name=\"author\" content=\"Ga\u00ebl Lugaz\" \/>\n<meta name=\"twitter:card\" content=\"summary_large_image\" \/>\n<meta name=\"twitter:label1\" content=\"Written by\" \/>\n\t<meta name=\"twitter:data1\" content=\"Ga\u00ebl Lugaz\" \/>\n\t<meta name=\"twitter:label2\" content=\"Est. reading time\" \/>\n\t<meta name=\"twitter:data2\" content=\"1 minute\" \/>\n<script type=\"application\/ld+json\" class=\"yoast-schema-graph\">{\"@context\":\"https:\\\/\\\/schema.org\",\"@graph\":[{\"@type\":\"Article\",\"@id\":\"https:\\\/\\\/fondationprimat.org\\\/en\\\/dans-les-glaces-de-larctique-la-course-est-lancee-pour-sauver-la-memoire-du-climat\\\/#article\",\"isPartOf\":{\"@id\":\"https:\\\/\\\/fondationprimat.org\\\/en\\\/dans-les-glaces-de-larctique-la-course-est-lancee-pour-sauver-la-memoire-du-climat\\\/\"},\"author\":{\"name\":\"Ga\u00ebl Lugaz\",\"@id\":\"https:\\\/\\\/fondationprimat.org\\\/#\\\/schema\\\/person\\\/ec184bf89fb6c267cc11ca6e54ab6e5b\"},\"headline\":\"Dans les glaces de l&#8217;Arctique, la course est lanc\u00e9e pour sauver la m\u00e9moire du climat\",\"datePublished\":\"2023-04-04T14:20:28+00:00\",\"mainEntityOfPage\":{\"@id\":\"https:\\\/\\\/fondationprimat.org\\\/en\\\/dans-les-glaces-de-larctique-la-course-est-lancee-pour-sauver-la-memoire-du-climat\\\/\"},\"wordCount\":261,\"publisher\":{\"@id\":\"https:\\\/\\\/fondationprimat.org\\\/#organization\"},\"image\":{\"@id\":\"https:\\\/\\\/fondationprimat.org\\\/en\\\/dans-les-glaces-de-larctique-la-course-est-lancee-pour-sauver-la-memoire-du-climat\\\/#primaryimage\"},\"thumbnailUrl\":\"https:\\\/\\\/fondationprimat.org\\\/wp-content\\\/uploads\\\/2023\\\/04\\\/1680524362275.jpg\",\"articleSection\":[\"Environnement\"],\"inLanguage\":\"en-US\"},{\"@type\":\"WebPage\",\"@id\":\"https:\\\/\\\/fondationprimat.org\\\/en\\\/dans-les-glaces-de-larctique-la-course-est-lancee-pour-sauver-la-memoire-du-climat\\\/\",\"url\":\"https:\\\/\\\/fondationprimat.org\\\/en\\\/dans-les-glaces-de-larctique-la-course-est-lancee-pour-sauver-la-memoire-du-climat\\\/\",\"name\":\"Dans les glaces de l'Arctique, la course est lanc\u00e9e pour sauver la m\u00e9moire du climat &#8211; Fondation Primat\",\"isPartOf\":{\"@id\":\"https:\\\/\\\/fondationprimat.org\\\/#website\"},\"primaryImageOfPage\":{\"@id\":\"https:\\\/\\\/fondationprimat.org\\\/en\\\/dans-les-glaces-de-larctique-la-course-est-lancee-pour-sauver-la-memoire-du-climat\\\/#primaryimage\"},\"image\":{\"@id\":\"https:\\\/\\\/fondationprimat.org\\\/en\\\/dans-les-glaces-de-larctique-la-course-est-lancee-pour-sauver-la-memoire-du-climat\\\/#primaryimage\"},\"thumbnailUrl\":\"https:\\\/\\\/fondationprimat.org\\\/wp-content\\\/uploads\\\/2023\\\/04\\\/1680524362275.jpg\",\"datePublished\":\"2023-04-04T14:20:28+00:00\",\"breadcrumb\":{\"@id\":\"https:\\\/\\\/fondationprimat.org\\\/en\\\/dans-les-glaces-de-larctique-la-course-est-lancee-pour-sauver-la-memoire-du-climat\\\/#breadcrumb\"},\"inLanguage\":\"en-US\",\"potentialAction\":[{\"@type\":\"ReadAction\",\"target\":[\"https:\\\/\\\/fondationprimat.org\\\/en\\\/dans-les-glaces-de-larctique-la-course-est-lancee-pour-sauver-la-memoire-du-climat\\\/\"]}]},{\"@type\":\"ImageObject\",\"inLanguage\":\"en-US\",\"@id\":\"https:\\\/\\\/fondationprimat.org\\\/en\\\/dans-les-glaces-de-larctique-la-course-est-lancee-pour-sauver-la-memoire-du-climat\\\/#primaryimage\",\"url\":\"https:\\\/\\\/fondationprimat.org\\\/wp-content\\\/uploads\\\/2023\\\/04\\\/1680524362275.jpg\",\"contentUrl\":\"https:\\\/\\\/fondationprimat.org\\\/wp-content\\\/uploads\\\/2023\\\/04\\\/1680524362275.jpg\",\"width\":800,\"height\":449},{\"@type\":\"BreadcrumbList\",\"@id\":\"https:\\\/\\\/fondationprimat.org\\\/en\\\/dans-les-glaces-de-larctique-la-course-est-lancee-pour-sauver-la-memoire-du-climat\\\/#breadcrumb\",\"itemListElement\":[{\"@type\":\"ListItem\",\"position\":1,\"name\":\"Home\",\"item\":\"https:\\\/\\\/fondationprimat.org\\\/en\\\/\"},{\"@type\":\"ListItem\",\"position\":2,\"name\":\"Dans les glaces de l&#8217;Arctique, la course est lanc\u00e9e pour sauver la m\u00e9moire du climat\"}]},{\"@type\":\"WebSite\",\"@id\":\"https:\\\/\\\/fondationprimat.org\\\/#website\",\"url\":\"https:\\\/\\\/fondationprimat.org\\\/\",\"name\":\"Fondation Didier et Martine Primat\",\"description\":\"\",\"publisher\":{\"@id\":\"https:\\\/\\\/fondationprimat.org\\\/#organization\"},\"alternateName\":\"Fondation Primat\",\"potentialAction\":[{\"@type\":\"SearchAction\",\"target\":{\"@type\":\"EntryPoint\",\"urlTemplate\":\"https:\\\/\\\/fondationprimat.org\\\/?s={search_term_string}\"},\"query-input\":{\"@type\":\"PropertyValueSpecification\",\"valueRequired\":true,\"valueName\":\"search_term_string\"}}],\"inLanguage\":\"en-US\"},{\"@type\":\"Organization\",\"@id\":\"https:\\\/\\\/fondationprimat.org\\\/#organization\",\"name\":\"Fondation Didier et Martine Primat\",\"url\":\"https:\\\/\\\/fondationprimat.org\\\/\",\"logo\":{\"@type\":\"ImageObject\",\"inLanguage\":\"en-US\",\"@id\":\"https:\\\/\\\/fondationprimat.org\\\/#\\\/schema\\\/logo\\\/image\\\/\",\"url\":\"https:\\\/\\\/fondationprimat.org\\\/wp-content\\\/uploads\\\/2026\\\/09\\\/Logo-Fondation-Primat.png.webp\",\"contentUrl\":\"https:\\\/\\\/fondationprimat.org\\\/wp-content\\\/uploads\\\/2026\\\/09\\\/Logo-Fondation-Primat.png.webp\",\"width\":768,\"height\":742,\"caption\":\"Fondation Didier et Martine Primat\"},\"image\":{\"@id\":\"https:\\\/\\\/fondationprimat.org\\\/#\\\/schema\\\/logo\\\/image\\\/\"}},{\"@type\":\"Person\",\"@id\":\"https:\\\/\\\/fondationprimat.org\\\/#\\\/schema\\\/person\\\/ec184bf89fb6c267cc11ca6e54ab6e5b\",\"name\":\"Ga\u00ebl Lugaz\",\"image\":{\"@type\":\"ImageObject\",\"inLanguage\":\"en-US\",\"@id\":\"https:\\\/\\\/secure.gravatar.com\\\/avatar\\\/ef21b12be65ef847d06267bb1807ba80e502590c8282fd0298a08a7278d44861?s=96&d=mm&r=g\",\"url\":\"https:\\\/\\\/secure.gravatar.com\\\/avatar\\\/ef21b12be65ef847d06267bb1807ba80e502590c8282fd0298a08a7278d44861?s=96&d=mm&r=g\",\"contentUrl\":\"https:\\\/\\\/secure.gravatar.com\\\/avatar\\\/ef21b12be65ef847d06267bb1807ba80e502590c8282fd0298a08a7278d44861?s=96&d=mm&r=g\",\"caption\":\"Ga\u00ebl Lugaz\"}}]}<\/script>\n<!-- \/ Yoast SEO plugin. -->","yoast_head_json":{"title":"Dans les glaces de l'Arctique, la course est lanc\u00e9e pour sauver la m\u00e9moire du climat &#8211; Fondation Primat","robots":{"index":"index","follow":"follow","max-snippet":"max-snippet:-1","max-image-preview":"max-image-preview:large","max-video-preview":"max-video-preview:-1"},"canonical":"https:\/\/fondationprimat.org\/en\/dans-les-glaces-de-larctique-la-course-est-lancee-pour-sauver-la-memoire-du-climat\/","og_locale":"en_US","og_type":"article","og_title":"Dans les glaces de l'Arctique, la course est lanc\u00e9e pour sauver la m\u00e9moire du climat &#8211; Fondation Primat","og_description":"Une \u00e9quipe de chercheurs va commencer aujourd&#8217;hui mardi le forage des glaces de l&#8217;archipel arctique du Svalbard dans une course contre la montre pour pr\u00e9lever des si\u00e8cles de donn\u00e9es climatiques et environnementales avant leur disparition sous l&#8217;effet du r\u00e9chauffement, a annonc\u00e9 lundi la fondation Ice Memory. \u201cLes glaciers des hautes latitudes, comme ceux de l\u2019Arctique, [&hellip;]","og_url":"https:\/\/fondationprimat.org\/en\/dans-les-glaces-de-larctique-la-course-est-lancee-pour-sauver-la-memoire-du-climat\/","og_site_name":"Fondation Primat","article_published_time":"2023-04-04T14:20:28+00:00","og_image":[{"width":800,"height":449,"url":"https:\/\/fondationprimat.org\/wp-content\/uploads\/2023\/04\/1680524362275.jpg","type":"image\/jpeg"}],"author":"Ga\u00ebl Lugaz","twitter_card":"summary_large_image","twitter_misc":{"Written by":"Ga\u00ebl Lugaz","Est. reading time":"1 minute"},"schema":{"@context":"https:\/\/schema.org","@graph":[{"@type":"Article","@id":"https:\/\/fondationprimat.org\/en\/dans-les-glaces-de-larctique-la-course-est-lancee-pour-sauver-la-memoire-du-climat\/#article","isPartOf":{"@id":"https:\/\/fondationprimat.org\/en\/dans-les-glaces-de-larctique-la-course-est-lancee-pour-sauver-la-memoire-du-climat\/"},"author":{"name":"Ga\u00ebl Lugaz","@id":"https:\/\/fondationprimat.org\/#\/schema\/person\/ec184bf89fb6c267cc11ca6e54ab6e5b"},"headline":"Dans les glaces de l&#8217;Arctique, la course est lanc\u00e9e pour sauver la m\u00e9moire du climat","datePublished":"2023-04-04T14:20:28+00:00","mainEntityOfPage":{"@id":"https:\/\/fondationprimat.org\/en\/dans-les-glaces-de-larctique-la-course-est-lancee-pour-sauver-la-memoire-du-climat\/"},"wordCount":261,"publisher":{"@id":"https:\/\/fondationprimat.org\/#organization"},"image":{"@id":"https:\/\/fondationprimat.org\/en\/dans-les-glaces-de-larctique-la-course-est-lancee-pour-sauver-la-memoire-du-climat\/#primaryimage"},"thumbnailUrl":"https:\/\/fondationprimat.org\/wp-content\/uploads\/2023\/04\/1680524362275.jpg","articleSection":["Environnement"],"inLanguage":"en-US"},{"@type":"WebPage","@id":"https:\/\/fondationprimat.org\/en\/dans-les-glaces-de-larctique-la-course-est-lancee-pour-sauver-la-memoire-du-climat\/","url":"https:\/\/fondationprimat.org\/en\/dans-les-glaces-de-larctique-la-course-est-lancee-pour-sauver-la-memoire-du-climat\/","name":"Dans les glaces de l'Arctique, la course est lanc\u00e9e pour sauver la m\u00e9moire du climat &#8211; Fondation Primat","isPartOf":{"@id":"https:\/\/fondationprimat.org\/#website"},"primaryImageOfPage":{"@id":"https:\/\/fondationprimat.org\/en\/dans-les-glaces-de-larctique-la-course-est-lancee-pour-sauver-la-memoire-du-climat\/#primaryimage"},"image":{"@id":"https:\/\/fondationprimat.org\/en\/dans-les-glaces-de-larctique-la-course-est-lancee-pour-sauver-la-memoire-du-climat\/#primaryimage"},"thumbnailUrl":"https:\/\/fondationprimat.org\/wp-content\/uploads\/2023\/04\/1680524362275.jpg","datePublished":"2023-04-04T14:20:28+00:00","breadcrumb":{"@id":"https:\/\/fondationprimat.org\/en\/dans-les-glaces-de-larctique-la-course-est-lancee-pour-sauver-la-memoire-du-climat\/#breadcrumb"},"inLanguage":"en-US","potentialAction":[{"@type":"ReadAction","target":["https:\/\/fondationprimat.org\/en\/dans-les-glaces-de-larctique-la-course-est-lancee-pour-sauver-la-memoire-du-climat\/"]}]},{"@type":"ImageObject","inLanguage":"en-US","@id":"https:\/\/fondationprimat.org\/en\/dans-les-glaces-de-larctique-la-course-est-lancee-pour-sauver-la-memoire-du-climat\/#primaryimage","url":"https:\/\/fondationprimat.org\/wp-content\/uploads\/2023\/04\/1680524362275.jpg","contentUrl":"https:\/\/fondationprimat.org\/wp-content\/uploads\/2023\/04\/1680524362275.jpg","width":800,"height":449},{"@type":"BreadcrumbList","@id":"https:\/\/fondationprimat.org\/en\/dans-les-glaces-de-larctique-la-course-est-lancee-pour-sauver-la-memoire-du-climat\/#breadcrumb","itemListElement":[{"@type":"ListItem","position":1,"name":"Home","item":"https:\/\/fondationprimat.org\/en\/"},{"@type":"ListItem","position":2,"name":"Dans les glaces de l&#8217;Arctique, la course est lanc\u00e9e pour sauver la m\u00e9moire du climat"}]},{"@type":"WebSite","@id":"https:\/\/fondationprimat.org\/#website","url":"https:\/\/fondationprimat.org\/","name":"Fondation Didier et Martine Primat","description":"","publisher":{"@id":"https:\/\/fondationprimat.org\/#organization"},"alternateName":"Fondation Primat","potentialAction":[{"@type":"SearchAction","target":{"@type":"EntryPoint","urlTemplate":"https:\/\/fondationprimat.org\/?s={search_term_string}"},"query-input":{"@type":"PropertyValueSpecification","valueRequired":true,"valueName":"search_term_string"}}],"inLanguage":"en-US"},{"@type":"Organization","@id":"https:\/\/fondationprimat.org\/#organization","name":"Fondation Didier et Martine Primat","url":"https:\/\/fondationprimat.org\/","logo":{"@type":"ImageObject","inLanguage":"en-US","@id":"https:\/\/fondationprimat.org\/#\/schema\/logo\/image\/","url":"https:\/\/fondationprimat.org\/wp-content\/uploads\/2026\/09\/Logo-Fondation-Primat.png.webp","contentUrl":"https:\/\/fondationprimat.org\/wp-content\/uploads\/2026\/09\/Logo-Fondation-Primat.png.webp","width":768,"height":742,"caption":"Fondation Didier et Martine Primat"},"image":{"@id":"https:\/\/fondationprimat.org\/#\/schema\/logo\/image\/"}},{"@type":"Person","@id":"https:\/\/fondationprimat.org\/#\/schema\/person\/ec184bf89fb6c267cc11ca6e54ab6e5b","name":"Ga\u00ebl Lugaz","image":{"@type":"ImageObject","inLanguage":"en-US","@id":"https:\/\/secure.gravatar.com\/avatar\/ef21b12be65ef847d06267bb1807ba80e502590c8282fd0298a08a7278d44861?s=96&d=mm&r=g","url":"https:\/\/secure.gravatar.com\/avatar\/ef21b12be65ef847d06267bb1807ba80e502590c8282fd0298a08a7278d44861?s=96&d=mm&r=g","contentUrl":"https:\/\/secure.gravatar.com\/avatar\/ef21b12be65ef847d06267bb1807ba80e502590c8282fd0298a08a7278d44861?s=96&d=mm&r=g","caption":"Ga\u00ebl Lugaz"}}]}},"_links":{"self":[{"href":"https:\/\/fondationprimat.org\/en\/wp-json\/wp\/v2\/posts\/7227","targetHints":{"allow":["GET"]}}],"collection":[{"href":"https:\/\/fondationprimat.org\/en\/wp-json\/wp\/v2\/posts"}],"about":[{"href":"https:\/\/fondationprimat.org\/en\/wp-json\/wp\/v2\/types\/post"}],"author":[{"embeddable":true,"href":"https:\/\/fondationprimat.org\/en\/wp-json\/wp\/v2\/users\/4"}],"replies":[{"embeddable":true,"href":"https:\/\/fondationprimat.org\/en\/wp-json\/wp\/v2\/comments?post=7227"}],"version-history":[{"count":0,"href":"https:\/\/fondationprimat.org\/en\/wp-json\/wp\/v2\/posts\/7227\/revisions"}],"wp:featuredmedia":[{"embeddable":true,"href":"https:\/\/fondationprimat.org\/en\/wp-json\/wp\/v2\/media\/4942"}],"wp:attachment":[{"href":"https:\/\/fondationprimat.org\/en\/wp-json\/wp\/v2\/media?parent=7227"}],"wp:term":[{"taxonomy":"category","embeddable":true,"href":"https:\/\/fondationprimat.org\/en\/wp-json\/wp\/v2\/categories?post=7227"},{"taxonomy":"post_tag","embeddable":true,"href":"https:\/\/fondationprimat.org\/en\/wp-json\/wp\/v2\/tags?post=7227"}],"curies":[{"name":"wp","href":"https:\/\/api.w.org\/{rel}","templated":true}]}}