{"id":7224,"date":"2023-04-19T10:46:33","date_gmt":"2023-04-19T08:46:33","guid":{"rendered":"https:\/\/2026.fondationprimat.org\/lancement-de-lexploration-scientifique-inedite-au-pole-nord\/"},"modified":"2023-04-19T10:46:33","modified_gmt":"2023-04-19T08:46:33","slug":"lancement-de-lexploration-scientifique-inedite-au-pole-nord","status":"publish","type":"post","link":"https:\/\/fondationprimat.org\/en\/lancement-de-lexploration-scientifique-inedite-au-pole-nord\/","title":{"rendered":"Lancement de l&#8217;exploration scientifique in\u00e9dite au p\u00f4le Nord"},"content":{"rendered":"<p>A l\u2019horizon 2045 <b>la banquise de l\u2019Arctique <\/b>aura pratiquement disparue due un changement climatique. Ceci a des r\u00e9percussions majeures sur les <b>\u00e9cosyst\u00e8mes<\/b> et la <b>biodiversit\u00e9<\/b> de cette r\u00e9gion.<\/p>\n<p>Le compte \u00e0 rebours de cette exploration scientifique in\u00e9dite au p\u00f4le Nord est lanc\u00e9. Apr\u00e8s 5 ans de conception, le projet de la<strong> Fondation Tara Oc\u00e9an<\/strong> passe des plans \u00e0 la r\u00e9alit\u00e9. La construction du nouveau navire con\u00e7u pour l\u2019observation et la recherche scientifique en Arctique commence.<\/p>\n<p>[Tara Polar Station]\u00a0La <strong>Tara Polar Station<\/strong> sera construite \u00e0 Cherbourg. Le chantier de la base scientifique polaire d\u00e9rivante d\u00e9marre !<\/p>\n<p>Le chantier naval a \u00e9t\u00e9 confi\u00e9 aux\u00a0<a href=\"https:\/\/www.linkedin.com\/company\/cmn-constructions-mecaniques-de-normandie\/\" data-attribute-index=\"0\" data-entity-type=\"MINI_COMPANY\">CMN &#8211; Constructions M\u00e9caniques de Normandie<\/a> \u00e0 Cherbourg. Il durera 18 mois pour une livraison au d\u00e9but de l\u2019automne 2024. La Fondation Tara Oc\u00e9an se r\u00e9jouit de ce chantier sur le territoire fran\u00e7ais.<\/p>\n<p>Con\u00e7ue avec l\u2019architecte Olivier Petit, l&#8217;objectif de la base polaire d\u00e9rivante est d\u2019\u00e9tudier l\u2019Arctique pour acc\u00e9l\u00e9rer la recherche sur le climat et la biodiversit\u00e9 en embarquant sur une dizaine d\u2019exp\u00e9ditions successives, des scientifiques du monde entier jusqu&#8217;en 2045.<\/p>\n<p>Pour en savoir plus sur les caract\u00e9ristiques techniques de Tara Polar Station\u27a1\ufe0f\u00a0<a href=\"https:\/\/lnkd.in\/eiZH_dn9\" data-attribute-index=\"7\">https:\/\/lnkd.in\/eiZH_dn9<\/a><\/p>\n","protected":false},"excerpt":{"rendered":"<p>A l\u2019horizon 2045 la banquise de l\u2019Arctique aura pratiquement disparue due un changement climatique. Ceci a des r\u00e9percussions majeures sur les \u00e9cosyst\u00e8mes et la biodiversit\u00e9 de cette r\u00e9gion. Le compte \u00e0 rebours de cette exploration scientifique in\u00e9dite au p\u00f4le Nord est lanc\u00e9. Apr\u00e8s 5 ans de conception, le projet de la Fondation Tara Oc\u00e9an passe [&hellip;]<\/p>\n","protected":false},"author":4,"featured_media":4985,"comment_status":"closed","ping_status":"closed","sticky":false,"template":"","format":"standard","meta":{"_acf_changed":false,"footnotes":""},"categories":[76],"tags":[],"class_list":["post-7224","post","type-post","status-publish","format-standard","has-post-thumbnail","hentry","category-environnement"],"acf":[],"yoast_head":"<!-- This site is optimized with the Yoast SEO plugin v28.3 - https:\/\/yoast.com\/product\/yoast-seo-wordpress\/ -->\n<title>Lancement de l&#039;exploration scientifique in\u00e9dite au p\u00f4le Nord &#8211; Fondation Primat<\/title>\n<meta name=\"robots\" content=\"index, follow, max-snippet:-1, max-image-preview:large, max-video-preview:-1\" \/>\n<link rel=\"canonical\" href=\"https:\/\/fondationprimat.org\/en\/lancement-de-lexploration-scientifique-inedite-au-pole-nord\/\" \/>\n<meta property=\"og:locale\" content=\"en_US\" \/>\n<meta property=\"og:type\" content=\"article\" \/>\n<meta property=\"og:title\" content=\"Lancement de l&#039;exploration scientifique in\u00e9dite au p\u00f4le Nord &#8211; Fondation Primat\" \/>\n<meta property=\"og:description\" content=\"A l\u2019horizon 2045 la banquise de l\u2019Arctique aura pratiquement disparue due un changement climatique. Ceci a des r\u00e9percussions majeures sur les \u00e9cosyst\u00e8mes et la biodiversit\u00e9 de cette r\u00e9gion. Le compte \u00e0 rebours de cette exploration scientifique in\u00e9dite au p\u00f4le Nord est lanc\u00e9. Apr\u00e8s 5 ans de conception, le projet de la Fondation Tara Oc\u00e9an passe [&hellip;]\" \/>\n<meta property=\"og:url\" content=\"https:\/\/fondationprimat.org\/en\/lancement-de-lexploration-scientifique-inedite-au-pole-nord\/\" \/>\n<meta property=\"og:site_name\" content=\"Fondation Primat\" \/>\n<meta property=\"article:published_time\" content=\"2023-04-19T08:46:33+00:00\" \/>\n<meta property=\"og:image\" content=\"https:\/\/fondationprimat.org\/wp-content\/uploads\/2023\/04\/Capture-decran-2023-04-19-104346.png\" \/>\n\t<meta property=\"og:image:width\" content=\"712\" \/>\n\t<meta property=\"og:image:height\" content=\"623\" \/>\n\t<meta property=\"og:image:type\" content=\"image\/png\" \/>\n<meta name=\"author\" content=\"Ga\u00ebl Lugaz\" \/>\n<meta name=\"twitter:card\" content=\"summary_large_image\" \/>\n<meta name=\"twitter:label1\" content=\"Written by\" \/>\n\t<meta name=\"twitter:data1\" content=\"Ga\u00ebl Lugaz\" \/>\n<script type=\"application\/ld+json\" class=\"yoast-schema-graph\">{\"@context\":\"https:\\\/\\\/schema.org\",\"@graph\":[{\"@type\":\"Article\",\"@id\":\"https:\\\/\\\/fondationprimat.org\\\/en\\\/lancement-de-lexploration-scientifique-inedite-au-pole-nord\\\/#article\",\"isPartOf\":{\"@id\":\"https:\\\/\\\/fondationprimat.org\\\/en\\\/lancement-de-lexploration-scientifique-inedite-au-pole-nord\\\/\"},\"author\":{\"name\":\"Ga\u00ebl Lugaz\",\"@id\":\"https:\\\/\\\/fondationprimat.org\\\/#\\\/schema\\\/person\\\/ec184bf89fb6c267cc11ca6e54ab6e5b\"},\"headline\":\"Lancement de l&#8217;exploration scientifique in\u00e9dite au p\u00f4le Nord\",\"datePublished\":\"2023-04-19T08:46:33+00:00\",\"mainEntityOfPage\":{\"@id\":\"https:\\\/\\\/fondationprimat.org\\\/en\\\/lancement-de-lexploration-scientifique-inedite-au-pole-nord\\\/\"},\"wordCount\":224,\"publisher\":{\"@id\":\"https:\\\/\\\/fondationprimat.org\\\/#organization\"},\"image\":{\"@id\":\"https:\\\/\\\/fondationprimat.org\\\/en\\\/lancement-de-lexploration-scientifique-inedite-au-pole-nord\\\/#primaryimage\"},\"thumbnailUrl\":\"https:\\\/\\\/fondationprimat.org\\\/wp-content\\\/uploads\\\/2023\\\/04\\\/Capture-decran-2023-04-19-104346.png\",\"articleSection\":[\"Environnement\"],\"inLanguage\":\"en-US\"},{\"@type\":\"WebPage\",\"@id\":\"https:\\\/\\\/fondationprimat.org\\\/en\\\/lancement-de-lexploration-scientifique-inedite-au-pole-nord\\\/\",\"url\":\"https:\\\/\\\/fondationprimat.org\\\/en\\\/lancement-de-lexploration-scientifique-inedite-au-pole-nord\\\/\",\"name\":\"Lancement de l'exploration scientifique in\u00e9dite au p\u00f4le Nord &#8211; Fondation Primat\",\"isPartOf\":{\"@id\":\"https:\\\/\\\/fondationprimat.org\\\/#website\"},\"primaryImageOfPage\":{\"@id\":\"https:\\\/\\\/fondationprimat.org\\\/en\\\/lancement-de-lexploration-scientifique-inedite-au-pole-nord\\\/#primaryimage\"},\"image\":{\"@id\":\"https:\\\/\\\/fondationprimat.org\\\/en\\\/lancement-de-lexploration-scientifique-inedite-au-pole-nord\\\/#primaryimage\"},\"thumbnailUrl\":\"https:\\\/\\\/fondationprimat.org\\\/wp-content\\\/uploads\\\/2023\\\/04\\\/Capture-decran-2023-04-19-104346.png\",\"datePublished\":\"2023-04-19T08:46:33+00:00\",\"breadcrumb\":{\"@id\":\"https:\\\/\\\/fondationprimat.org\\\/en\\\/lancement-de-lexploration-scientifique-inedite-au-pole-nord\\\/#breadcrumb\"},\"inLanguage\":\"en-US\",\"potentialAction\":[{\"@type\":\"ReadAction\",\"target\":[\"https:\\\/\\\/fondationprimat.org\\\/en\\\/lancement-de-lexploration-scientifique-inedite-au-pole-nord\\\/\"]}]},{\"@type\":\"ImageObject\",\"inLanguage\":\"en-US\",\"@id\":\"https:\\\/\\\/fondationprimat.org\\\/en\\\/lancement-de-lexploration-scientifique-inedite-au-pole-nord\\\/#primaryimage\",\"url\":\"https:\\\/\\\/fondationprimat.org\\\/wp-content\\\/uploads\\\/2023\\\/04\\\/Capture-decran-2023-04-19-104346.png\",\"contentUrl\":\"https:\\\/\\\/fondationprimat.org\\\/wp-content\\\/uploads\\\/2023\\\/04\\\/Capture-decran-2023-04-19-104346.png\",\"width\":712,\"height\":623},{\"@type\":\"BreadcrumbList\",\"@id\":\"https:\\\/\\\/fondationprimat.org\\\/en\\\/lancement-de-lexploration-scientifique-inedite-au-pole-nord\\\/#breadcrumb\",\"itemListElement\":[{\"@type\":\"ListItem\",\"position\":1,\"name\":\"Home\",\"item\":\"https:\\\/\\\/fondationprimat.org\\\/en\\\/\"},{\"@type\":\"ListItem\",\"position\":2,\"name\":\"Lancement de l&#8217;exploration scientifique in\u00e9dite au p\u00f4le Nord\"}]},{\"@type\":\"WebSite\",\"@id\":\"https:\\\/\\\/fondationprimat.org\\\/#website\",\"url\":\"https:\\\/\\\/fondationprimat.org\\\/\",\"name\":\"Fondation Didier et Martine Primat\",\"description\":\"\",\"publisher\":{\"@id\":\"https:\\\/\\\/fondationprimat.org\\\/#organization\"},\"alternateName\":\"Fondation Primat\",\"potentialAction\":[{\"@type\":\"SearchAction\",\"target\":{\"@type\":\"EntryPoint\",\"urlTemplate\":\"https:\\\/\\\/fondationprimat.org\\\/?s={search_term_string}\"},\"query-input\":{\"@type\":\"PropertyValueSpecification\",\"valueRequired\":true,\"valueName\":\"search_term_string\"}}],\"inLanguage\":\"en-US\"},{\"@type\":\"Organization\",\"@id\":\"https:\\\/\\\/fondationprimat.org\\\/#organization\",\"name\":\"Fondation Didier et Martine Primat\",\"url\":\"https:\\\/\\\/fondationprimat.org\\\/\",\"logo\":{\"@type\":\"ImageObject\",\"inLanguage\":\"en-US\",\"@id\":\"https:\\\/\\\/fondationprimat.org\\\/#\\\/schema\\\/logo\\\/image\\\/\",\"url\":\"https:\\\/\\\/fondationprimat.org\\\/wp-content\\\/uploads\\\/2026\\\/09\\\/Logo-Fondation-Primat.png.webp\",\"contentUrl\":\"https:\\\/\\\/fondationprimat.org\\\/wp-content\\\/uploads\\\/2026\\\/09\\\/Logo-Fondation-Primat.png.webp\",\"width\":768,\"height\":742,\"caption\":\"Fondation Didier et Martine Primat\"},\"image\":{\"@id\":\"https:\\\/\\\/fondationprimat.org\\\/#\\\/schema\\\/logo\\\/image\\\/\"}},{\"@type\":\"Person\",\"@id\":\"https:\\\/\\\/fondationprimat.org\\\/#\\\/schema\\\/person\\\/ec184bf89fb6c267cc11ca6e54ab6e5b\",\"name\":\"Ga\u00ebl Lugaz\",\"image\":{\"@type\":\"ImageObject\",\"inLanguage\":\"en-US\",\"@id\":\"https:\\\/\\\/secure.gravatar.com\\\/avatar\\\/ef21b12be65ef847d06267bb1807ba80e502590c8282fd0298a08a7278d44861?s=96&d=mm&r=g\",\"url\":\"https:\\\/\\\/secure.gravatar.com\\\/avatar\\\/ef21b12be65ef847d06267bb1807ba80e502590c8282fd0298a08a7278d44861?s=96&d=mm&r=g\",\"contentUrl\":\"https:\\\/\\\/secure.gravatar.com\\\/avatar\\\/ef21b12be65ef847d06267bb1807ba80e502590c8282fd0298a08a7278d44861?s=96&d=mm&r=g\",\"caption\":\"Ga\u00ebl Lugaz\"}}]}<\/script>\n<!-- \/ Yoast SEO plugin. -->","yoast_head_json":{"title":"Lancement de l'exploration scientifique in\u00e9dite au p\u00f4le Nord &#8211; Fondation Primat","robots":{"index":"index","follow":"follow","max-snippet":"max-snippet:-1","max-image-preview":"max-image-preview:large","max-video-preview":"max-video-preview:-1"},"canonical":"https:\/\/fondationprimat.org\/en\/lancement-de-lexploration-scientifique-inedite-au-pole-nord\/","og_locale":"en_US","og_type":"article","og_title":"Lancement de l'exploration scientifique in\u00e9dite au p\u00f4le Nord &#8211; Fondation Primat","og_description":"A l\u2019horizon 2045 la banquise de l\u2019Arctique aura pratiquement disparue due un changement climatique. Ceci a des r\u00e9percussions majeures sur les \u00e9cosyst\u00e8mes et la biodiversit\u00e9 de cette r\u00e9gion. Le compte \u00e0 rebours de cette exploration scientifique in\u00e9dite au p\u00f4le Nord est lanc\u00e9. Apr\u00e8s 5 ans de conception, le projet de la Fondation Tara Oc\u00e9an passe [&hellip;]","og_url":"https:\/\/fondationprimat.org\/en\/lancement-de-lexploration-scientifique-inedite-au-pole-nord\/","og_site_name":"Fondation Primat","article_published_time":"2023-04-19T08:46:33+00:00","og_image":[{"width":712,"height":623,"url":"https:\/\/fondationprimat.org\/wp-content\/uploads\/2023\/04\/Capture-decran-2023-04-19-104346.png","type":"image\/png"}],"author":"Ga\u00ebl Lugaz","twitter_card":"summary_large_image","twitter_misc":{"Written by":"Ga\u00ebl Lugaz"},"schema":{"@context":"https:\/\/schema.org","@graph":[{"@type":"Article","@id":"https:\/\/fondationprimat.org\/en\/lancement-de-lexploration-scientifique-inedite-au-pole-nord\/#article","isPartOf":{"@id":"https:\/\/fondationprimat.org\/en\/lancement-de-lexploration-scientifique-inedite-au-pole-nord\/"},"author":{"name":"Ga\u00ebl Lugaz","@id":"https:\/\/fondationprimat.org\/#\/schema\/person\/ec184bf89fb6c267cc11ca6e54ab6e5b"},"headline":"Lancement de l&#8217;exploration scientifique in\u00e9dite au p\u00f4le Nord","datePublished":"2023-04-19T08:46:33+00:00","mainEntityOfPage":{"@id":"https:\/\/fondationprimat.org\/en\/lancement-de-lexploration-scientifique-inedite-au-pole-nord\/"},"wordCount":224,"publisher":{"@id":"https:\/\/fondationprimat.org\/#organization"},"image":{"@id":"https:\/\/fondationprimat.org\/en\/lancement-de-lexploration-scientifique-inedite-au-pole-nord\/#primaryimage"},"thumbnailUrl":"https:\/\/fondationprimat.org\/wp-content\/uploads\/2023\/04\/Capture-decran-2023-04-19-104346.png","articleSection":["Environnement"],"inLanguage":"en-US"},{"@type":"WebPage","@id":"https:\/\/fondationprimat.org\/en\/lancement-de-lexploration-scientifique-inedite-au-pole-nord\/","url":"https:\/\/fondationprimat.org\/en\/lancement-de-lexploration-scientifique-inedite-au-pole-nord\/","name":"Lancement de l'exploration scientifique in\u00e9dite au p\u00f4le Nord &#8211; Fondation Primat","isPartOf":{"@id":"https:\/\/fondationprimat.org\/#website"},"primaryImageOfPage":{"@id":"https:\/\/fondationprimat.org\/en\/lancement-de-lexploration-scientifique-inedite-au-pole-nord\/#primaryimage"},"image":{"@id":"https:\/\/fondationprimat.org\/en\/lancement-de-lexploration-scientifique-inedite-au-pole-nord\/#primaryimage"},"thumbnailUrl":"https:\/\/fondationprimat.org\/wp-content\/uploads\/2023\/04\/Capture-decran-2023-04-19-104346.png","datePublished":"2023-04-19T08:46:33+00:00","breadcrumb":{"@id":"https:\/\/fondationprimat.org\/en\/lancement-de-lexploration-scientifique-inedite-au-pole-nord\/#breadcrumb"},"inLanguage":"en-US","potentialAction":[{"@type":"ReadAction","target":["https:\/\/fondationprimat.org\/en\/lancement-de-lexploration-scientifique-inedite-au-pole-nord\/"]}]},{"@type":"ImageObject","inLanguage":"en-US","@id":"https:\/\/fondationprimat.org\/en\/lancement-de-lexploration-scientifique-inedite-au-pole-nord\/#primaryimage","url":"https:\/\/fondationprimat.org\/wp-content\/uploads\/2023\/04\/Capture-decran-2023-04-19-104346.png","contentUrl":"https:\/\/fondationprimat.org\/wp-content\/uploads\/2023\/04\/Capture-decran-2023-04-19-104346.png","width":712,"height":623},{"@type":"BreadcrumbList","@id":"https:\/\/fondationprimat.org\/en\/lancement-de-lexploration-scientifique-inedite-au-pole-nord\/#breadcrumb","itemListElement":[{"@type":"ListItem","position":1,"name":"Home","item":"https:\/\/fondationprimat.org\/en\/"},{"@type":"ListItem","position":2,"name":"Lancement de l&#8217;exploration scientifique in\u00e9dite au p\u00f4le Nord"}]},{"@type":"WebSite","@id":"https:\/\/fondationprimat.org\/#website","url":"https:\/\/fondationprimat.org\/","name":"Fondation Didier et Martine Primat","description":"","publisher":{"@id":"https:\/\/fondationprimat.org\/#organization"},"alternateName":"Fondation Primat","potentialAction":[{"@type":"SearchAction","target":{"@type":"EntryPoint","urlTemplate":"https:\/\/fondationprimat.org\/?s={search_term_string}"},"query-input":{"@type":"PropertyValueSpecification","valueRequired":true,"valueName":"search_term_string"}}],"inLanguage":"en-US"},{"@type":"Organization","@id":"https:\/\/fondationprimat.org\/#organization","name":"Fondation Didier et Martine Primat","url":"https:\/\/fondationprimat.org\/","logo":{"@type":"ImageObject","inLanguage":"en-US","@id":"https:\/\/fondationprimat.org\/#\/schema\/logo\/image\/","url":"https:\/\/fondationprimat.org\/wp-content\/uploads\/2026\/09\/Logo-Fondation-Primat.png.webp","contentUrl":"https:\/\/fondationprimat.org\/wp-content\/uploads\/2026\/09\/Logo-Fondation-Primat.png.webp","width":768,"height":742,"caption":"Fondation Didier et Martine Primat"},"image":{"@id":"https:\/\/fondationprimat.org\/#\/schema\/logo\/image\/"}},{"@type":"Person","@id":"https:\/\/fondationprimat.org\/#\/schema\/person\/ec184bf89fb6c267cc11ca6e54ab6e5b","name":"Ga\u00ebl Lugaz","image":{"@type":"ImageObject","inLanguage":"en-US","@id":"https:\/\/secure.gravatar.com\/avatar\/ef21b12be65ef847d06267bb1807ba80e502590c8282fd0298a08a7278d44861?s=96&d=mm&r=g","url":"https:\/\/secure.gravatar.com\/avatar\/ef21b12be65ef847d06267bb1807ba80e502590c8282fd0298a08a7278d44861?s=96&d=mm&r=g","contentUrl":"https:\/\/secure.gravatar.com\/avatar\/ef21b12be65ef847d06267bb1807ba80e502590c8282fd0298a08a7278d44861?s=96&d=mm&r=g","caption":"Ga\u00ebl Lugaz"}}]}},"_links":{"self":[{"href":"https:\/\/fondationprimat.org\/en\/wp-json\/wp\/v2\/posts\/7224","targetHints":{"allow":["GET"]}}],"collection":[{"href":"https:\/\/fondationprimat.org\/en\/wp-json\/wp\/v2\/posts"}],"about":[{"href":"https:\/\/fondationprimat.org\/en\/wp-json\/wp\/v2\/types\/post"}],"author":[{"embeddable":true,"href":"https:\/\/fondationprimat.org\/en\/wp-json\/wp\/v2\/users\/4"}],"replies":[{"embeddable":true,"href":"https:\/\/fondationprimat.org\/en\/wp-json\/wp\/v2\/comments?post=7224"}],"version-history":[{"count":0,"href":"https:\/\/fondationprimat.org\/en\/wp-json\/wp\/v2\/posts\/7224\/revisions"}],"wp:featuredmedia":[{"embeddable":true,"href":"https:\/\/fondationprimat.org\/en\/wp-json\/wp\/v2\/media\/4985"}],"wp:attachment":[{"href":"https:\/\/fondationprimat.org\/en\/wp-json\/wp\/v2\/media?parent=7224"}],"wp:term":[{"taxonomy":"category","embeddable":true,"href":"https:\/\/fondationprimat.org\/en\/wp-json\/wp\/v2\/categories?post=7224"},{"taxonomy":"post_tag","embeddable":true,"href":"https:\/\/fondationprimat.org\/en\/wp-json\/wp\/v2\/tags?post=7224"}],"curies":[{"name":"wp","href":"https:\/\/api.w.org\/{rel}","templated":true}]}}