{"id":7221,"date":"2023-07-11T09:36:30","date_gmt":"2023-07-11T07:36:30","guid":{"rendered":"https:\/\/2026.fondationprimat.org\/operation-de-forage-des-glaciers-au-svalbard-norvege\/"},"modified":"2026-06-03T02:56:37","modified_gmt":"2026-06-03T00:56:37","slug":"operation-de-forage-des-glaciers-au-svalbard-norvege","status":"publish","type":"post","link":"https:\/\/fondationprimat.org\/en\/operation-de-forage-des-glaciers-au-svalbard-norvege\/","title":{"rendered":"Op\u00e9ration de Forage des Glaciers au Svalbard, Norv\u00e8ge"},"content":{"rendered":"<p>Ice Memory<\/p>\n<p>L\u2019op\u00e9ration de forage au Svalbard a \u00e9t\u00e9 un succ\u00e8s et les scientifiques ont pu forer 3 carottes de glace, mais l&#8217;\u00e9quipe a trouv\u00e9 une poche d&#8217;eau importante et totalement inattendue \u00e0 25m de profondeur.<\/p>\n<p><strong>C&#8217;est une preuve de plus que le r\u00e9chauffement de l&#8217;Arctique s&#8217;acc\u00e9l\u00e8re de mani\u00e8re majeure.<\/strong><\/p>\n<p>Ice Memory a donc lanc\u00e9 un appel \u00e0 la communaut\u00e9 scientifique internationale pour acc\u00e9l\u00e9rer les op\u00e9rations de sauvegarde Ice Memory.Cette op\u00e9ration, comme les pr\u00e9c\u00e9dentes, a \u00e9t\u00e9 massivement relay\u00e9e par les <a href=\"https:\/\/www.cnrs.fr\/fr\/ice-memory-expedition-au-svalbard-reussie-malgre-la-presence-importante-et-inattendue-deau-de-fonte\">m\u00e9dias<\/a>. Il est int\u00e9ressant de noter que la presse nord-am\u00e9ricaine et la presse \u00e9conomique se sont saisies de Ice Memory bien plus largement que les ann\u00e9es pr\u00e9c\u00e9dentes. Enfin, le World Economic Forum a utilis\u00e9 Ice Memory pour communiquer sur l&#8217;urgence climatique vers ses parties prenantes.<br \/>\nVous trouverez toutes les informations<\/p>\n<p>&nbsp;<\/p>\n","protected":false},"excerpt":{"rendered":"<p>Ice Memory L\u2019op\u00e9ration de forage au Svalbard a \u00e9t\u00e9 un succ\u00e8s et les scientifiques ont pu forer 3 carottes de glace, mais l&#8217;\u00e9quipe a trouv\u00e9 une poche d&#8217;eau importante et totalement inattendue \u00e0 25m de profondeur. C&#8217;est une preuve de plus que le r\u00e9chauffement de l&#8217;Arctique s&#8217;acc\u00e9l\u00e8re de mani\u00e8re majeure. Ice Memory a donc lanc\u00e9 [&hellip;]<\/p>\n","protected":false},"author":4,"featured_media":5235,"comment_status":"closed","ping_status":"closed","sticky":false,"template":"","format":"standard","meta":{"_acf_changed":false,"footnotes":""},"categories":[76,81],"tags":[],"class_list":["post-7221","post","type-post","status-publish","format-standard","has-post-thumbnail","hentry","category-environnement","category-featured"],"acf":[],"yoast_head":"<!-- This site is optimized with the Yoast SEO plugin v28.3 - https:\/\/yoast.com\/product\/yoast-seo-wordpress\/ -->\n<title>Op\u00e9ration de Forage des Glaciers au Svalbard, Norv\u00e8ge &#8211; Fondation Primat<\/title>\n<meta name=\"robots\" content=\"index, follow, max-snippet:-1, max-image-preview:large, max-video-preview:-1\" \/>\n<link rel=\"canonical\" href=\"https:\/\/fondationprimat.org\/en\/operation-de-forage-des-glaciers-au-svalbard-norvege\/\" \/>\n<meta property=\"og:locale\" content=\"en_US\" \/>\n<meta property=\"og:type\" content=\"article\" \/>\n<meta property=\"og:title\" content=\"Op\u00e9ration de Forage des Glaciers au Svalbard, Norv\u00e8ge &#8211; Fondation Primat\" \/>\n<meta property=\"og:description\" content=\"Ice Memory L\u2019op\u00e9ration de forage au Svalbard a \u00e9t\u00e9 un succ\u00e8s et les scientifiques ont pu forer 3 carottes de glace, mais l&#8217;\u00e9quipe a trouv\u00e9 une poche d&#8217;eau importante et totalement inattendue \u00e0 25m de profondeur. C&#8217;est une preuve de plus que le r\u00e9chauffement de l&#8217;Arctique s&#8217;acc\u00e9l\u00e8re de mani\u00e8re majeure. Ice Memory a donc lanc\u00e9 [&hellip;]\" \/>\n<meta property=\"og:url\" content=\"https:\/\/fondationprimat.org\/en\/operation-de-forage-des-glaciers-au-svalbard-norvege\/\" \/>\n<meta property=\"og:site_name\" content=\"Fondation Primat\" \/>\n<meta property=\"article:published_time\" content=\"2023-07-11T07:36:30+00:00\" \/>\n<meta property=\"article:modified_time\" content=\"2026-06-03T00:56:37+00:00\" \/>\n<meta property=\"og:image\" content=\"https:\/\/fondationprimat.org\/wp-content\/uploads\/2023\/07\/Capture-decran-2023-07-11-091217.jpg\" \/>\n\t<meta property=\"og:image:width\" content=\"1207\" \/>\n\t<meta property=\"og:image:height\" content=\"682\" \/>\n\t<meta property=\"og:image:type\" content=\"image\/jpeg\" \/>\n<meta name=\"author\" content=\"Ga\u00ebl Lugaz\" \/>\n<meta name=\"twitter:card\" content=\"summary_large_image\" \/>\n<meta name=\"twitter:label1\" content=\"Written by\" \/>\n\t<meta name=\"twitter:data1\" content=\"Ga\u00ebl Lugaz\" \/>\n\t<meta name=\"twitter:label2\" content=\"Est. reading time\" \/>\n\t<meta name=\"twitter:data2\" content=\"1 minute\" \/>\n<script type=\"application\/ld+json\" class=\"yoast-schema-graph\">{\"@context\":\"https:\\\/\\\/schema.org\",\"@graph\":[{\"@type\":\"Article\",\"@id\":\"https:\\\/\\\/fondationprimat.org\\\/en\\\/operation-de-forage-des-glaciers-au-svalbard-norvege\\\/#article\",\"isPartOf\":{\"@id\":\"https:\\\/\\\/fondationprimat.org\\\/en\\\/operation-de-forage-des-glaciers-au-svalbard-norvege\\\/\"},\"author\":{\"name\":\"Ga\u00ebl Lugaz\",\"@id\":\"https:\\\/\\\/fondationprimat.org\\\/#\\\/schema\\\/person\\\/ec184bf89fb6c267cc11ca6e54ab6e5b\"},\"headline\":\"Op\u00e9ration de Forage des Glaciers au Svalbard, Norv\u00e8ge\",\"datePublished\":\"2023-07-11T07:36:30+00:00\",\"dateModified\":\"2026-06-03T00:56:37+00:00\",\"mainEntityOfPage\":{\"@id\":\"https:\\\/\\\/fondationprimat.org\\\/en\\\/operation-de-forage-des-glaciers-au-svalbard-norvege\\\/\"},\"wordCount\":165,\"publisher\":{\"@id\":\"https:\\\/\\\/fondationprimat.org\\\/#organization\"},\"image\":{\"@id\":\"https:\\\/\\\/fondationprimat.org\\\/en\\\/operation-de-forage-des-glaciers-au-svalbard-norvege\\\/#primaryimage\"},\"thumbnailUrl\":\"https:\\\/\\\/fondationprimat.org\\\/wp-content\\\/uploads\\\/2023\\\/07\\\/Capture-decran-2023-07-11-091217.jpg\",\"articleSection\":[\"Environnement\",\"Homepage Featured\"],\"inLanguage\":\"en-US\"},{\"@type\":\"WebPage\",\"@id\":\"https:\\\/\\\/fondationprimat.org\\\/en\\\/operation-de-forage-des-glaciers-au-svalbard-norvege\\\/\",\"url\":\"https:\\\/\\\/fondationprimat.org\\\/en\\\/operation-de-forage-des-glaciers-au-svalbard-norvege\\\/\",\"name\":\"Op\u00e9ration de Forage des Glaciers au Svalbard, Norv\u00e8ge &#8211; Fondation Primat\",\"isPartOf\":{\"@id\":\"https:\\\/\\\/fondationprimat.org\\\/#website\"},\"primaryImageOfPage\":{\"@id\":\"https:\\\/\\\/fondationprimat.org\\\/en\\\/operation-de-forage-des-glaciers-au-svalbard-norvege\\\/#primaryimage\"},\"image\":{\"@id\":\"https:\\\/\\\/fondationprimat.org\\\/en\\\/operation-de-forage-des-glaciers-au-svalbard-norvege\\\/#primaryimage\"},\"thumbnailUrl\":\"https:\\\/\\\/fondationprimat.org\\\/wp-content\\\/uploads\\\/2023\\\/07\\\/Capture-decran-2023-07-11-091217.jpg\",\"datePublished\":\"2023-07-11T07:36:30+00:00\",\"dateModified\":\"2026-06-03T00:56:37+00:00\",\"breadcrumb\":{\"@id\":\"https:\\\/\\\/fondationprimat.org\\\/en\\\/operation-de-forage-des-glaciers-au-svalbard-norvege\\\/#breadcrumb\"},\"inLanguage\":\"en-US\",\"potentialAction\":[{\"@type\":\"ReadAction\",\"target\":[\"https:\\\/\\\/fondationprimat.org\\\/en\\\/operation-de-forage-des-glaciers-au-svalbard-norvege\\\/\"]}]},{\"@type\":\"ImageObject\",\"inLanguage\":\"en-US\",\"@id\":\"https:\\\/\\\/fondationprimat.org\\\/en\\\/operation-de-forage-des-glaciers-au-svalbard-norvege\\\/#primaryimage\",\"url\":\"https:\\\/\\\/fondationprimat.org\\\/wp-content\\\/uploads\\\/2023\\\/07\\\/Capture-decran-2023-07-11-091217.jpg\",\"contentUrl\":\"https:\\\/\\\/fondationprimat.org\\\/wp-content\\\/uploads\\\/2023\\\/07\\\/Capture-decran-2023-07-11-091217.jpg\",\"width\":1207,\"height\":682},{\"@type\":\"BreadcrumbList\",\"@id\":\"https:\\\/\\\/fondationprimat.org\\\/en\\\/operation-de-forage-des-glaciers-au-svalbard-norvege\\\/#breadcrumb\",\"itemListElement\":[{\"@type\":\"ListItem\",\"position\":1,\"name\":\"Home\",\"item\":\"https:\\\/\\\/fondationprimat.org\\\/en\\\/\"},{\"@type\":\"ListItem\",\"position\":2,\"name\":\"Op\u00e9ration de Forage des Glaciers au Svalbard, Norv\u00e8ge\"}]},{\"@type\":\"WebSite\",\"@id\":\"https:\\\/\\\/fondationprimat.org\\\/#website\",\"url\":\"https:\\\/\\\/fondationprimat.org\\\/\",\"name\":\"Fondation Didier et Martine Primat\",\"description\":\"\",\"publisher\":{\"@id\":\"https:\\\/\\\/fondationprimat.org\\\/#organization\"},\"alternateName\":\"Fondation Primat\",\"potentialAction\":[{\"@type\":\"SearchAction\",\"target\":{\"@type\":\"EntryPoint\",\"urlTemplate\":\"https:\\\/\\\/fondationprimat.org\\\/?s={search_term_string}\"},\"query-input\":{\"@type\":\"PropertyValueSpecification\",\"valueRequired\":true,\"valueName\":\"search_term_string\"}}],\"inLanguage\":\"en-US\"},{\"@type\":\"Organization\",\"@id\":\"https:\\\/\\\/fondationprimat.org\\\/#organization\",\"name\":\"Fondation Didier et Martine Primat\",\"url\":\"https:\\\/\\\/fondationprimat.org\\\/\",\"logo\":{\"@type\":\"ImageObject\",\"inLanguage\":\"en-US\",\"@id\":\"https:\\\/\\\/fondationprimat.org\\\/#\\\/schema\\\/logo\\\/image\\\/\",\"url\":\"https:\\\/\\\/fondationprimat.org\\\/wp-content\\\/uploads\\\/2026\\\/09\\\/Logo-Fondation-Primat.png.webp\",\"contentUrl\":\"https:\\\/\\\/fondationprimat.org\\\/wp-content\\\/uploads\\\/2026\\\/09\\\/Logo-Fondation-Primat.png.webp\",\"width\":768,\"height\":742,\"caption\":\"Fondation Didier et Martine Primat\"},\"image\":{\"@id\":\"https:\\\/\\\/fondationprimat.org\\\/#\\\/schema\\\/logo\\\/image\\\/\"}},{\"@type\":\"Person\",\"@id\":\"https:\\\/\\\/fondationprimat.org\\\/#\\\/schema\\\/person\\\/ec184bf89fb6c267cc11ca6e54ab6e5b\",\"name\":\"Ga\u00ebl Lugaz\",\"image\":{\"@type\":\"ImageObject\",\"inLanguage\":\"en-US\",\"@id\":\"https:\\\/\\\/secure.gravatar.com\\\/avatar\\\/ef21b12be65ef847d06267bb1807ba80e502590c8282fd0298a08a7278d44861?s=96&d=mm&r=g\",\"url\":\"https:\\\/\\\/secure.gravatar.com\\\/avatar\\\/ef21b12be65ef847d06267bb1807ba80e502590c8282fd0298a08a7278d44861?s=96&d=mm&r=g\",\"contentUrl\":\"https:\\\/\\\/secure.gravatar.com\\\/avatar\\\/ef21b12be65ef847d06267bb1807ba80e502590c8282fd0298a08a7278d44861?s=96&d=mm&r=g\",\"caption\":\"Ga\u00ebl Lugaz\"}}]}<\/script>\n<!-- \/ Yoast SEO plugin. -->","yoast_head_json":{"title":"Op\u00e9ration de Forage des Glaciers au Svalbard, Norv\u00e8ge &#8211; Fondation Primat","robots":{"index":"index","follow":"follow","max-snippet":"max-snippet:-1","max-image-preview":"max-image-preview:large","max-video-preview":"max-video-preview:-1"},"canonical":"https:\/\/fondationprimat.org\/en\/operation-de-forage-des-glaciers-au-svalbard-norvege\/","og_locale":"en_US","og_type":"article","og_title":"Op\u00e9ration de Forage des Glaciers au Svalbard, Norv\u00e8ge &#8211; Fondation Primat","og_description":"Ice Memory L\u2019op\u00e9ration de forage au Svalbard a \u00e9t\u00e9 un succ\u00e8s et les scientifiques ont pu forer 3 carottes de glace, mais l&#8217;\u00e9quipe a trouv\u00e9 une poche d&#8217;eau importante et totalement inattendue \u00e0 25m de profondeur. C&#8217;est une preuve de plus que le r\u00e9chauffement de l&#8217;Arctique s&#8217;acc\u00e9l\u00e8re de mani\u00e8re majeure. Ice Memory a donc lanc\u00e9 [&hellip;]","og_url":"https:\/\/fondationprimat.org\/en\/operation-de-forage-des-glaciers-au-svalbard-norvege\/","og_site_name":"Fondation Primat","article_published_time":"2023-07-11T07:36:30+00:00","article_modified_time":"2026-06-03T00:56:37+00:00","og_image":[{"width":1207,"height":682,"url":"https:\/\/fondationprimat.org\/wp-content\/uploads\/2023\/07\/Capture-decran-2023-07-11-091217.jpg","type":"image\/jpeg"}],"author":"Ga\u00ebl Lugaz","twitter_card":"summary_large_image","twitter_misc":{"Written by":"Ga\u00ebl Lugaz","Est. reading time":"1 minute"},"schema":{"@context":"https:\/\/schema.org","@graph":[{"@type":"Article","@id":"https:\/\/fondationprimat.org\/en\/operation-de-forage-des-glaciers-au-svalbard-norvege\/#article","isPartOf":{"@id":"https:\/\/fondationprimat.org\/en\/operation-de-forage-des-glaciers-au-svalbard-norvege\/"},"author":{"name":"Ga\u00ebl Lugaz","@id":"https:\/\/fondationprimat.org\/#\/schema\/person\/ec184bf89fb6c267cc11ca6e54ab6e5b"},"headline":"Op\u00e9ration de Forage des Glaciers au Svalbard, Norv\u00e8ge","datePublished":"2023-07-11T07:36:30+00:00","dateModified":"2026-06-03T00:56:37+00:00","mainEntityOfPage":{"@id":"https:\/\/fondationprimat.org\/en\/operation-de-forage-des-glaciers-au-svalbard-norvege\/"},"wordCount":165,"publisher":{"@id":"https:\/\/fondationprimat.org\/#organization"},"image":{"@id":"https:\/\/fondationprimat.org\/en\/operation-de-forage-des-glaciers-au-svalbard-norvege\/#primaryimage"},"thumbnailUrl":"https:\/\/fondationprimat.org\/wp-content\/uploads\/2023\/07\/Capture-decran-2023-07-11-091217.jpg","articleSection":["Environnement","Homepage Featured"],"inLanguage":"en-US"},{"@type":"WebPage","@id":"https:\/\/fondationprimat.org\/en\/operation-de-forage-des-glaciers-au-svalbard-norvege\/","url":"https:\/\/fondationprimat.org\/en\/operation-de-forage-des-glaciers-au-svalbard-norvege\/","name":"Op\u00e9ration de Forage des Glaciers au Svalbard, Norv\u00e8ge &#8211; Fondation Primat","isPartOf":{"@id":"https:\/\/fondationprimat.org\/#website"},"primaryImageOfPage":{"@id":"https:\/\/fondationprimat.org\/en\/operation-de-forage-des-glaciers-au-svalbard-norvege\/#primaryimage"},"image":{"@id":"https:\/\/fondationprimat.org\/en\/operation-de-forage-des-glaciers-au-svalbard-norvege\/#primaryimage"},"thumbnailUrl":"https:\/\/fondationprimat.org\/wp-content\/uploads\/2023\/07\/Capture-decran-2023-07-11-091217.jpg","datePublished":"2023-07-11T07:36:30+00:00","dateModified":"2026-06-03T00:56:37+00:00","breadcrumb":{"@id":"https:\/\/fondationprimat.org\/en\/operation-de-forage-des-glaciers-au-svalbard-norvege\/#breadcrumb"},"inLanguage":"en-US","potentialAction":[{"@type":"ReadAction","target":["https:\/\/fondationprimat.org\/en\/operation-de-forage-des-glaciers-au-svalbard-norvege\/"]}]},{"@type":"ImageObject","inLanguage":"en-US","@id":"https:\/\/fondationprimat.org\/en\/operation-de-forage-des-glaciers-au-svalbard-norvege\/#primaryimage","url":"https:\/\/fondationprimat.org\/wp-content\/uploads\/2023\/07\/Capture-decran-2023-07-11-091217.jpg","contentUrl":"https:\/\/fondationprimat.org\/wp-content\/uploads\/2023\/07\/Capture-decran-2023-07-11-091217.jpg","width":1207,"height":682},{"@type":"BreadcrumbList","@id":"https:\/\/fondationprimat.org\/en\/operation-de-forage-des-glaciers-au-svalbard-norvege\/#breadcrumb","itemListElement":[{"@type":"ListItem","position":1,"name":"Home","item":"https:\/\/fondationprimat.org\/en\/"},{"@type":"ListItem","position":2,"name":"Op\u00e9ration de Forage des Glaciers au Svalbard, Norv\u00e8ge"}]},{"@type":"WebSite","@id":"https:\/\/fondationprimat.org\/#website","url":"https:\/\/fondationprimat.org\/","name":"Fondation Didier et Martine Primat","description":"","publisher":{"@id":"https:\/\/fondationprimat.org\/#organization"},"alternateName":"Fondation Primat","potentialAction":[{"@type":"SearchAction","target":{"@type":"EntryPoint","urlTemplate":"https:\/\/fondationprimat.org\/?s={search_term_string}"},"query-input":{"@type":"PropertyValueSpecification","valueRequired":true,"valueName":"search_term_string"}}],"inLanguage":"en-US"},{"@type":"Organization","@id":"https:\/\/fondationprimat.org\/#organization","name":"Fondation Didier et Martine Primat","url":"https:\/\/fondationprimat.org\/","logo":{"@type":"ImageObject","inLanguage":"en-US","@id":"https:\/\/fondationprimat.org\/#\/schema\/logo\/image\/","url":"https:\/\/fondationprimat.org\/wp-content\/uploads\/2026\/09\/Logo-Fondation-Primat.png.webp","contentUrl":"https:\/\/fondationprimat.org\/wp-content\/uploads\/2026\/09\/Logo-Fondation-Primat.png.webp","width":768,"height":742,"caption":"Fondation Didier et Martine Primat"},"image":{"@id":"https:\/\/fondationprimat.org\/#\/schema\/logo\/image\/"}},{"@type":"Person","@id":"https:\/\/fondationprimat.org\/#\/schema\/person\/ec184bf89fb6c267cc11ca6e54ab6e5b","name":"Ga\u00ebl Lugaz","image":{"@type":"ImageObject","inLanguage":"en-US","@id":"https:\/\/secure.gravatar.com\/avatar\/ef21b12be65ef847d06267bb1807ba80e502590c8282fd0298a08a7278d44861?s=96&d=mm&r=g","url":"https:\/\/secure.gravatar.com\/avatar\/ef21b12be65ef847d06267bb1807ba80e502590c8282fd0298a08a7278d44861?s=96&d=mm&r=g","contentUrl":"https:\/\/secure.gravatar.com\/avatar\/ef21b12be65ef847d06267bb1807ba80e502590c8282fd0298a08a7278d44861?s=96&d=mm&r=g","caption":"Ga\u00ebl Lugaz"}}]}},"_links":{"self":[{"href":"https:\/\/fondationprimat.org\/en\/wp-json\/wp\/v2\/posts\/7221","targetHints":{"allow":["GET"]}}],"collection":[{"href":"https:\/\/fondationprimat.org\/en\/wp-json\/wp\/v2\/posts"}],"about":[{"href":"https:\/\/fondationprimat.org\/en\/wp-json\/wp\/v2\/types\/post"}],"author":[{"embeddable":true,"href":"https:\/\/fondationprimat.org\/en\/wp-json\/wp\/v2\/users\/4"}],"replies":[{"embeddable":true,"href":"https:\/\/fondationprimat.org\/en\/wp-json\/wp\/v2\/comments?post=7221"}],"version-history":[{"count":1,"href":"https:\/\/fondationprimat.org\/en\/wp-json\/wp\/v2\/posts\/7221\/revisions"}],"predecessor-version":[{"id":8773,"href":"https:\/\/fondationprimat.org\/en\/wp-json\/wp\/v2\/posts\/7221\/revisions\/8773"}],"wp:featuredmedia":[{"embeddable":true,"href":"https:\/\/fondationprimat.org\/en\/wp-json\/wp\/v2\/media\/5235"}],"wp:attachment":[{"href":"https:\/\/fondationprimat.org\/en\/wp-json\/wp\/v2\/media?parent=7221"}],"wp:term":[{"taxonomy":"category","embeddable":true,"href":"https:\/\/fondationprimat.org\/en\/wp-json\/wp\/v2\/categories?post=7221"},{"taxonomy":"post_tag","embeddable":true,"href":"https:\/\/fondationprimat.org\/en\/wp-json\/wp\/v2\/tags?post=7221"}],"curies":[{"name":"wp","href":"https:\/\/api.w.org\/{rel}","templated":true}]}}