{"id":7219,"date":"2023-10-12T16:54:49","date_gmt":"2023-10-12T14:54:49","guid":{"rendered":"https:\/\/2026.fondationprimat.org\/residence-de-creation-dune-oeuvre-ephemere-de-narration-graphique-au-domaine-des-etangs-charente\/"},"modified":"2023-10-12T16:54:49","modified_gmt":"2023-10-12T14:54:49","slug":"residence-de-creation-dune-oeuvre-ephemere-de-narration-graphique-au-domaine-des-etangs-charente","status":"publish","type":"post","link":"https:\/\/fondationprimat.org\/en\/residence-de-creation-dune-oeuvre-ephemere-de-narration-graphique-au-domaine-des-etangs-charente\/","title":{"rendered":"R\u00e9sidence de cr\u00e9ation d\u2019une \u0153uvre \u00e9ph\u00e9m\u00e8re de narration graphique au Domaine des Etangs (Charente)"},"content":{"rendered":"<p>La Fondation Didier et Martine PRIMAT, agissant au titre de son Fonds sous \u00e9gide ODONATA, s\u2019associe \u00e0 la Cit\u00e9 internationale de la bande dessin\u00e9e et de l\u2019image d\u2019Angoul\u00eame afin d\u2019accompagner les projets innovants de la sc\u00e8ne de bande dessin\u00e9e fran\u00e7aise et encourager les cr\u00e9ations li\u00e9es aux enjeux de demain (droits humains, biodiversit\u00e9, citoyennet\u00e9, sant\u00e9) \u00e0 travers la cr\u00e9ation d\u2019une r\u00e9sidence sur le territoire du Domaine des Etangs en Charente. Cette r\u00e9sidence artistique est d\u00e9di\u00e9e \u00e0 la r\u00e9alisation d\u2019une \u0153uvre \u00e9ph\u00e9m\u00e8re de narration graphique grand format au sein du parc du Domaine des Etangs.<\/p>\n<p><strong>Michael Sterckeman, laur\u00e9at de la r\u00e9sidence 2023<\/strong><\/p>\n<p>Il s\u2019agit pour l\u2019auteur d\u2019investir un espace en plein air, Les Ruines de la m\u00e9tairie de la Barre, au sein du Parcours \u2018\u2019Art et Nature\u2019\u2019 pour y concevoir une \u0153uvre \u00e9ph\u00e9m\u00e8re sous la forme d\u2019un r\u00e9cit qui emprunte autant \u00e0 l\u2019illustration, \u00e0 la bande dessin\u00e9e qu\u2019\u00e0 la narration graphique. Cette \u0153uvre, en lien avec son environnement, sera compos\u00e9e d\u2019une suite de s\u00e9quences reproduites sur des impressions grand format, r\u00e9sistant aux intemp\u00e9ries. Ces impressions seront coll\u00e9es sur les murs, permettant de jouer sur la mati\u00e8re des<br \/>\nmurs et de proposer quelque chose de tr\u00e8s organique qui dispara\u00eetra avec le temps.<\/p>\n","protected":false},"excerpt":{"rendered":"<p>La Fondation Didier et Martine PRIMAT, agissant au titre de son Fonds sous \u00e9gide ODONATA, s\u2019associe \u00e0 la Cit\u00e9 internationale de la bande dessin\u00e9e et de l\u2019image d\u2019Angoul\u00eame afin d\u2019accompagner les projets innovants de la sc\u00e8ne de bande dessin\u00e9e fran\u00e7aise et encourager les cr\u00e9ations li\u00e9es aux enjeux de demain (droits humains, biodiversit\u00e9, citoyennet\u00e9, sant\u00e9) \u00e0 [&hellip;]<\/p>\n","protected":false},"author":4,"featured_media":5551,"comment_status":"closed","ping_status":"closed","sticky":false,"template":"","format":"standard","meta":{"_acf_changed":false,"footnotes":""},"categories":[2],"tags":[],"class_list":["post-7219","post","type-post","status-publish","format-standard","has-post-thumbnail","hentry","category-uncategorized"],"acf":[],"yoast_head":"<!-- This site is optimized with the Yoast SEO plugin v28.3 - https:\/\/yoast.com\/product\/yoast-seo-wordpress\/ -->\n<title>R\u00e9sidence de cr\u00e9ation d\u2019une \u0153uvre \u00e9ph\u00e9m\u00e8re de narration graphique au Domaine des Etangs (Charente) &#8211; Fondation Primat<\/title>\n<meta name=\"robots\" content=\"index, follow, max-snippet:-1, max-image-preview:large, max-video-preview:-1\" \/>\n<link rel=\"canonical\" href=\"https:\/\/fondationprimat.org\/en\/residence-de-creation-dune-oeuvre-ephemere-de-narration-graphique-au-domaine-des-etangs-charente\/\" \/>\n<meta property=\"og:locale\" content=\"en_US\" \/>\n<meta property=\"og:type\" content=\"article\" \/>\n<meta property=\"og:title\" content=\"R\u00e9sidence de cr\u00e9ation d\u2019une \u0153uvre \u00e9ph\u00e9m\u00e8re de narration graphique au Domaine des Etangs (Charente) &#8211; Fondation Primat\" \/>\n<meta property=\"og:description\" content=\"La Fondation Didier et Martine PRIMAT, agissant au titre de son Fonds sous \u00e9gide ODONATA, s\u2019associe \u00e0 la Cit\u00e9 internationale de la bande dessin\u00e9e et de l\u2019image d\u2019Angoul\u00eame afin d\u2019accompagner les projets innovants de la sc\u00e8ne de bande dessin\u00e9e fran\u00e7aise et encourager les cr\u00e9ations li\u00e9es aux enjeux de demain (droits humains, biodiversit\u00e9, citoyennet\u00e9, sant\u00e9) \u00e0 [&hellip;]\" \/>\n<meta property=\"og:url\" content=\"https:\/\/fondationprimat.org\/en\/residence-de-creation-dune-oeuvre-ephemere-de-narration-graphique-au-domaine-des-etangs-charente\/\" \/>\n<meta property=\"og:site_name\" content=\"Fondation Primat\" \/>\n<meta property=\"article:published_time\" content=\"2023-10-12T14:54:49+00:00\" \/>\n<meta property=\"og:image\" content=\"https:\/\/fondationprimat.org\/wp-content\/uploads\/2023\/10\/DdE_102021_photo_Arthur_Pequin_M5A1145-1.jpg\" \/>\n\t<meta property=\"og:image:width\" content=\"2560\" \/>\n\t<meta property=\"og:image:height\" content=\"1707\" \/>\n\t<meta property=\"og:image:type\" content=\"image\/jpeg\" \/>\n<meta name=\"author\" content=\"Ga\u00ebl Lugaz\" \/>\n<meta name=\"twitter:card\" content=\"summary_large_image\" \/>\n<meta name=\"twitter:label1\" content=\"Written by\" \/>\n\t<meta name=\"twitter:data1\" content=\"Ga\u00ebl Lugaz\" \/>\n\t<meta name=\"twitter:label2\" content=\"Est. reading time\" \/>\n\t<meta name=\"twitter:data2\" content=\"1 minute\" \/>\n<script type=\"application\/ld+json\" class=\"yoast-schema-graph\">{\"@context\":\"https:\\\/\\\/schema.org\",\"@graph\":[{\"@type\":\"Article\",\"@id\":\"https:\\\/\\\/fondationprimat.org\\\/en\\\/residence-de-creation-dune-oeuvre-ephemere-de-narration-graphique-au-domaine-des-etangs-charente\\\/#article\",\"isPartOf\":{\"@id\":\"https:\\\/\\\/fondationprimat.org\\\/en\\\/residence-de-creation-dune-oeuvre-ephemere-de-narration-graphique-au-domaine-des-etangs-charente\\\/\"},\"author\":{\"name\":\"Ga\u00ebl Lugaz\",\"@id\":\"https:\\\/\\\/fondationprimat.org\\\/#\\\/schema\\\/person\\\/ec184bf89fb6c267cc11ca6e54ab6e5b\"},\"headline\":\"R\u00e9sidence de cr\u00e9ation d\u2019une \u0153uvre \u00e9ph\u00e9m\u00e8re de narration graphique au Domaine des Etangs (Charente)\",\"datePublished\":\"2023-10-12T14:54:49+00:00\",\"mainEntityOfPage\":{\"@id\":\"https:\\\/\\\/fondationprimat.org\\\/en\\\/residence-de-creation-dune-oeuvre-ephemere-de-narration-graphique-au-domaine-des-etangs-charente\\\/\"},\"wordCount\":254,\"publisher\":{\"@id\":\"https:\\\/\\\/fondationprimat.org\\\/#organization\"},\"image\":{\"@id\":\"https:\\\/\\\/fondationprimat.org\\\/en\\\/residence-de-creation-dune-oeuvre-ephemere-de-narration-graphique-au-domaine-des-etangs-charente\\\/#primaryimage\"},\"thumbnailUrl\":\"https:\\\/\\\/fondationprimat.org\\\/wp-content\\\/uploads\\\/2023\\\/10\\\/DdE_102021_photo_Arthur_Pequin_M5A1145-1.jpg\",\"inLanguage\":\"en-US\"},{\"@type\":\"WebPage\",\"@id\":\"https:\\\/\\\/fondationprimat.org\\\/en\\\/residence-de-creation-dune-oeuvre-ephemere-de-narration-graphique-au-domaine-des-etangs-charente\\\/\",\"url\":\"https:\\\/\\\/fondationprimat.org\\\/en\\\/residence-de-creation-dune-oeuvre-ephemere-de-narration-graphique-au-domaine-des-etangs-charente\\\/\",\"name\":\"R\u00e9sidence de cr\u00e9ation d\u2019une \u0153uvre \u00e9ph\u00e9m\u00e8re de narration graphique au Domaine des Etangs (Charente) &#8211; Fondation Primat\",\"isPartOf\":{\"@id\":\"https:\\\/\\\/fondationprimat.org\\\/#website\"},\"primaryImageOfPage\":{\"@id\":\"https:\\\/\\\/fondationprimat.org\\\/en\\\/residence-de-creation-dune-oeuvre-ephemere-de-narration-graphique-au-domaine-des-etangs-charente\\\/#primaryimage\"},\"image\":{\"@id\":\"https:\\\/\\\/fondationprimat.org\\\/en\\\/residence-de-creation-dune-oeuvre-ephemere-de-narration-graphique-au-domaine-des-etangs-charente\\\/#primaryimage\"},\"thumbnailUrl\":\"https:\\\/\\\/fondationprimat.org\\\/wp-content\\\/uploads\\\/2023\\\/10\\\/DdE_102021_photo_Arthur_Pequin_M5A1145-1.jpg\",\"datePublished\":\"2023-10-12T14:54:49+00:00\",\"breadcrumb\":{\"@id\":\"https:\\\/\\\/fondationprimat.org\\\/en\\\/residence-de-creation-dune-oeuvre-ephemere-de-narration-graphique-au-domaine-des-etangs-charente\\\/#breadcrumb\"},\"inLanguage\":\"en-US\",\"potentialAction\":[{\"@type\":\"ReadAction\",\"target\":[\"https:\\\/\\\/fondationprimat.org\\\/en\\\/residence-de-creation-dune-oeuvre-ephemere-de-narration-graphique-au-domaine-des-etangs-charente\\\/\"]}]},{\"@type\":\"ImageObject\",\"inLanguage\":\"en-US\",\"@id\":\"https:\\\/\\\/fondationprimat.org\\\/en\\\/residence-de-creation-dune-oeuvre-ephemere-de-narration-graphique-au-domaine-des-etangs-charente\\\/#primaryimage\",\"url\":\"https:\\\/\\\/fondationprimat.org\\\/wp-content\\\/uploads\\\/2023\\\/10\\\/DdE_102021_photo_Arthur_Pequin_M5A1145-1.jpg\",\"contentUrl\":\"https:\\\/\\\/fondationprimat.org\\\/wp-content\\\/uploads\\\/2023\\\/10\\\/DdE_102021_photo_Arthur_Pequin_M5A1145-1.jpg\",\"width\":2560,\"height\":1707},{\"@type\":\"BreadcrumbList\",\"@id\":\"https:\\\/\\\/fondationprimat.org\\\/en\\\/residence-de-creation-dune-oeuvre-ephemere-de-narration-graphique-au-domaine-des-etangs-charente\\\/#breadcrumb\",\"itemListElement\":[{\"@type\":\"ListItem\",\"position\":1,\"name\":\"Home\",\"item\":\"https:\\\/\\\/fondationprimat.org\\\/en\\\/\"},{\"@type\":\"ListItem\",\"position\":2,\"name\":\"R\u00e9sidence de cr\u00e9ation d\u2019une \u0153uvre \u00e9ph\u00e9m\u00e8re de narration graphique au Domaine des Etangs (Charente)\"}]},{\"@type\":\"WebSite\",\"@id\":\"https:\\\/\\\/fondationprimat.org\\\/#website\",\"url\":\"https:\\\/\\\/fondationprimat.org\\\/\",\"name\":\"Fondation Didier et Martine Primat\",\"description\":\"\",\"publisher\":{\"@id\":\"https:\\\/\\\/fondationprimat.org\\\/#organization\"},\"alternateName\":\"Fondation Primat\",\"potentialAction\":[{\"@type\":\"SearchAction\",\"target\":{\"@type\":\"EntryPoint\",\"urlTemplate\":\"https:\\\/\\\/fondationprimat.org\\\/?s={search_term_string}\"},\"query-input\":{\"@type\":\"PropertyValueSpecification\",\"valueRequired\":true,\"valueName\":\"search_term_string\"}}],\"inLanguage\":\"en-US\"},{\"@type\":\"Organization\",\"@id\":\"https:\\\/\\\/fondationprimat.org\\\/#organization\",\"name\":\"Fondation Didier et Martine Primat\",\"url\":\"https:\\\/\\\/fondationprimat.org\\\/\",\"logo\":{\"@type\":\"ImageObject\",\"inLanguage\":\"en-US\",\"@id\":\"https:\\\/\\\/fondationprimat.org\\\/#\\\/schema\\\/logo\\\/image\\\/\",\"url\":\"https:\\\/\\\/fondationprimat.org\\\/wp-content\\\/uploads\\\/2026\\\/09\\\/Logo-Fondation-Primat.png.webp\",\"contentUrl\":\"https:\\\/\\\/fondationprimat.org\\\/wp-content\\\/uploads\\\/2026\\\/09\\\/Logo-Fondation-Primat.png.webp\",\"width\":768,\"height\":742,\"caption\":\"Fondation Didier et Martine Primat\"},\"image\":{\"@id\":\"https:\\\/\\\/fondationprimat.org\\\/#\\\/schema\\\/logo\\\/image\\\/\"}},{\"@type\":\"Person\",\"@id\":\"https:\\\/\\\/fondationprimat.org\\\/#\\\/schema\\\/person\\\/ec184bf89fb6c267cc11ca6e54ab6e5b\",\"name\":\"Ga\u00ebl Lugaz\",\"image\":{\"@type\":\"ImageObject\",\"inLanguage\":\"en-US\",\"@id\":\"https:\\\/\\\/secure.gravatar.com\\\/avatar\\\/ef21b12be65ef847d06267bb1807ba80e502590c8282fd0298a08a7278d44861?s=96&d=mm&r=g\",\"url\":\"https:\\\/\\\/secure.gravatar.com\\\/avatar\\\/ef21b12be65ef847d06267bb1807ba80e502590c8282fd0298a08a7278d44861?s=96&d=mm&r=g\",\"contentUrl\":\"https:\\\/\\\/secure.gravatar.com\\\/avatar\\\/ef21b12be65ef847d06267bb1807ba80e502590c8282fd0298a08a7278d44861?s=96&d=mm&r=g\",\"caption\":\"Ga\u00ebl Lugaz\"}}]}<\/script>\n<!-- \/ Yoast SEO plugin. -->","yoast_head_json":{"title":"R\u00e9sidence de cr\u00e9ation d\u2019une \u0153uvre \u00e9ph\u00e9m\u00e8re de narration graphique au Domaine des Etangs (Charente) &#8211; Fondation Primat","robots":{"index":"index","follow":"follow","max-snippet":"max-snippet:-1","max-image-preview":"max-image-preview:large","max-video-preview":"max-video-preview:-1"},"canonical":"https:\/\/fondationprimat.org\/en\/residence-de-creation-dune-oeuvre-ephemere-de-narration-graphique-au-domaine-des-etangs-charente\/","og_locale":"en_US","og_type":"article","og_title":"R\u00e9sidence de cr\u00e9ation d\u2019une \u0153uvre \u00e9ph\u00e9m\u00e8re de narration graphique au Domaine des Etangs (Charente) &#8211; Fondation Primat","og_description":"La Fondation Didier et Martine PRIMAT, agissant au titre de son Fonds sous \u00e9gide ODONATA, s\u2019associe \u00e0 la Cit\u00e9 internationale de la bande dessin\u00e9e et de l\u2019image d\u2019Angoul\u00eame afin d\u2019accompagner les projets innovants de la sc\u00e8ne de bande dessin\u00e9e fran\u00e7aise et encourager les cr\u00e9ations li\u00e9es aux enjeux de demain (droits humains, biodiversit\u00e9, citoyennet\u00e9, sant\u00e9) \u00e0 [&hellip;]","og_url":"https:\/\/fondationprimat.org\/en\/residence-de-creation-dune-oeuvre-ephemere-de-narration-graphique-au-domaine-des-etangs-charente\/","og_site_name":"Fondation Primat","article_published_time":"2023-10-12T14:54:49+00:00","og_image":[{"width":2560,"height":1707,"url":"https:\/\/fondationprimat.org\/wp-content\/uploads\/2023\/10\/DdE_102021_photo_Arthur_Pequin_M5A1145-1.jpg","type":"image\/jpeg"}],"author":"Ga\u00ebl Lugaz","twitter_card":"summary_large_image","twitter_misc":{"Written by":"Ga\u00ebl Lugaz","Est. reading time":"1 minute"},"schema":{"@context":"https:\/\/schema.org","@graph":[{"@type":"Article","@id":"https:\/\/fondationprimat.org\/en\/residence-de-creation-dune-oeuvre-ephemere-de-narration-graphique-au-domaine-des-etangs-charente\/#article","isPartOf":{"@id":"https:\/\/fondationprimat.org\/en\/residence-de-creation-dune-oeuvre-ephemere-de-narration-graphique-au-domaine-des-etangs-charente\/"},"author":{"name":"Ga\u00ebl Lugaz","@id":"https:\/\/fondationprimat.org\/#\/schema\/person\/ec184bf89fb6c267cc11ca6e54ab6e5b"},"headline":"R\u00e9sidence de cr\u00e9ation d\u2019une \u0153uvre \u00e9ph\u00e9m\u00e8re de narration graphique au Domaine des Etangs (Charente)","datePublished":"2023-10-12T14:54:49+00:00","mainEntityOfPage":{"@id":"https:\/\/fondationprimat.org\/en\/residence-de-creation-dune-oeuvre-ephemere-de-narration-graphique-au-domaine-des-etangs-charente\/"},"wordCount":254,"publisher":{"@id":"https:\/\/fondationprimat.org\/#organization"},"image":{"@id":"https:\/\/fondationprimat.org\/en\/residence-de-creation-dune-oeuvre-ephemere-de-narration-graphique-au-domaine-des-etangs-charente\/#primaryimage"},"thumbnailUrl":"https:\/\/fondationprimat.org\/wp-content\/uploads\/2023\/10\/DdE_102021_photo_Arthur_Pequin_M5A1145-1.jpg","inLanguage":"en-US"},{"@type":"WebPage","@id":"https:\/\/fondationprimat.org\/en\/residence-de-creation-dune-oeuvre-ephemere-de-narration-graphique-au-domaine-des-etangs-charente\/","url":"https:\/\/fondationprimat.org\/en\/residence-de-creation-dune-oeuvre-ephemere-de-narration-graphique-au-domaine-des-etangs-charente\/","name":"R\u00e9sidence de cr\u00e9ation d\u2019une \u0153uvre \u00e9ph\u00e9m\u00e8re de narration graphique au Domaine des Etangs (Charente) &#8211; Fondation Primat","isPartOf":{"@id":"https:\/\/fondationprimat.org\/#website"},"primaryImageOfPage":{"@id":"https:\/\/fondationprimat.org\/en\/residence-de-creation-dune-oeuvre-ephemere-de-narration-graphique-au-domaine-des-etangs-charente\/#primaryimage"},"image":{"@id":"https:\/\/fondationprimat.org\/en\/residence-de-creation-dune-oeuvre-ephemere-de-narration-graphique-au-domaine-des-etangs-charente\/#primaryimage"},"thumbnailUrl":"https:\/\/fondationprimat.org\/wp-content\/uploads\/2023\/10\/DdE_102021_photo_Arthur_Pequin_M5A1145-1.jpg","datePublished":"2023-10-12T14:54:49+00:00","breadcrumb":{"@id":"https:\/\/fondationprimat.org\/en\/residence-de-creation-dune-oeuvre-ephemere-de-narration-graphique-au-domaine-des-etangs-charente\/#breadcrumb"},"inLanguage":"en-US","potentialAction":[{"@type":"ReadAction","target":["https:\/\/fondationprimat.org\/en\/residence-de-creation-dune-oeuvre-ephemere-de-narration-graphique-au-domaine-des-etangs-charente\/"]}]},{"@type":"ImageObject","inLanguage":"en-US","@id":"https:\/\/fondationprimat.org\/en\/residence-de-creation-dune-oeuvre-ephemere-de-narration-graphique-au-domaine-des-etangs-charente\/#primaryimage","url":"https:\/\/fondationprimat.org\/wp-content\/uploads\/2023\/10\/DdE_102021_photo_Arthur_Pequin_M5A1145-1.jpg","contentUrl":"https:\/\/fondationprimat.org\/wp-content\/uploads\/2023\/10\/DdE_102021_photo_Arthur_Pequin_M5A1145-1.jpg","width":2560,"height":1707},{"@type":"BreadcrumbList","@id":"https:\/\/fondationprimat.org\/en\/residence-de-creation-dune-oeuvre-ephemere-de-narration-graphique-au-domaine-des-etangs-charente\/#breadcrumb","itemListElement":[{"@type":"ListItem","position":1,"name":"Home","item":"https:\/\/fondationprimat.org\/en\/"},{"@type":"ListItem","position":2,"name":"R\u00e9sidence de cr\u00e9ation d\u2019une \u0153uvre \u00e9ph\u00e9m\u00e8re de narration graphique au Domaine des Etangs (Charente)"}]},{"@type":"WebSite","@id":"https:\/\/fondationprimat.org\/#website","url":"https:\/\/fondationprimat.org\/","name":"Fondation Didier et Martine Primat","description":"","publisher":{"@id":"https:\/\/fondationprimat.org\/#organization"},"alternateName":"Fondation Primat","potentialAction":[{"@type":"SearchAction","target":{"@type":"EntryPoint","urlTemplate":"https:\/\/fondationprimat.org\/?s={search_term_string}"},"query-input":{"@type":"PropertyValueSpecification","valueRequired":true,"valueName":"search_term_string"}}],"inLanguage":"en-US"},{"@type":"Organization","@id":"https:\/\/fondationprimat.org\/#organization","name":"Fondation Didier et Martine Primat","url":"https:\/\/fondationprimat.org\/","logo":{"@type":"ImageObject","inLanguage":"en-US","@id":"https:\/\/fondationprimat.org\/#\/schema\/logo\/image\/","url":"https:\/\/fondationprimat.org\/wp-content\/uploads\/2026\/09\/Logo-Fondation-Primat.png.webp","contentUrl":"https:\/\/fondationprimat.org\/wp-content\/uploads\/2026\/09\/Logo-Fondation-Primat.png.webp","width":768,"height":742,"caption":"Fondation Didier et Martine Primat"},"image":{"@id":"https:\/\/fondationprimat.org\/#\/schema\/logo\/image\/"}},{"@type":"Person","@id":"https:\/\/fondationprimat.org\/#\/schema\/person\/ec184bf89fb6c267cc11ca6e54ab6e5b","name":"Ga\u00ebl Lugaz","image":{"@type":"ImageObject","inLanguage":"en-US","@id":"https:\/\/secure.gravatar.com\/avatar\/ef21b12be65ef847d06267bb1807ba80e502590c8282fd0298a08a7278d44861?s=96&d=mm&r=g","url":"https:\/\/secure.gravatar.com\/avatar\/ef21b12be65ef847d06267bb1807ba80e502590c8282fd0298a08a7278d44861?s=96&d=mm&r=g","contentUrl":"https:\/\/secure.gravatar.com\/avatar\/ef21b12be65ef847d06267bb1807ba80e502590c8282fd0298a08a7278d44861?s=96&d=mm&r=g","caption":"Ga\u00ebl Lugaz"}}]}},"_links":{"self":[{"href":"https:\/\/fondationprimat.org\/en\/wp-json\/wp\/v2\/posts\/7219","targetHints":{"allow":["GET"]}}],"collection":[{"href":"https:\/\/fondationprimat.org\/en\/wp-json\/wp\/v2\/posts"}],"about":[{"href":"https:\/\/fondationprimat.org\/en\/wp-json\/wp\/v2\/types\/post"}],"author":[{"embeddable":true,"href":"https:\/\/fondationprimat.org\/en\/wp-json\/wp\/v2\/users\/4"}],"replies":[{"embeddable":true,"href":"https:\/\/fondationprimat.org\/en\/wp-json\/wp\/v2\/comments?post=7219"}],"version-history":[{"count":0,"href":"https:\/\/fondationprimat.org\/en\/wp-json\/wp\/v2\/posts\/7219\/revisions"}],"wp:featuredmedia":[{"embeddable":true,"href":"https:\/\/fondationprimat.org\/en\/wp-json\/wp\/v2\/media\/5551"}],"wp:attachment":[{"href":"https:\/\/fondationprimat.org\/en\/wp-json\/wp\/v2\/media?parent=7219"}],"wp:term":[{"taxonomy":"category","embeddable":true,"href":"https:\/\/fondationprimat.org\/en\/wp-json\/wp\/v2\/categories?post=7219"},{"taxonomy":"post_tag","embeddable":true,"href":"https:\/\/fondationprimat.org\/en\/wp-json\/wp\/v2\/tags?post=7219"}],"curies":[{"name":"wp","href":"https:\/\/api.w.org\/{rel}","templated":true}]}}