{"id":7216,"date":"2024-02-09T16:24:27","date_gmt":"2024-02-09T15:24:27","guid":{"rendered":"https:\/\/2026.fondationprimat.org\/prix-du-livre-jeunesse-ecolo-2024\/"},"modified":"2024-02-09T16:24:27","modified_gmt":"2024-02-09T15:24:27","slug":"prix-du-livre-jeunesse-ecolo-2024","status":"publish","type":"post","link":"https:\/\/fondationprimat.org\/en\/prix-du-livre-jeunesse-ecolo-2024\/","title":{"rendered":"Prix du livre jeunesse \u00e9colo 2024"},"content":{"rendered":"<p>Les nouvelles s\u00e9lections 2024 sont arriv\u00e9es.\u00a0 Elles \u00a0 ont \u00e9t\u00e9 compos\u00e9es par le comit\u00e9 de lecture du Felip\u00e9 parmi une production de plus en plus foisonnante. Nous avons re\u00e7u 125 livres (tous parus en 2023), envoy\u00e9s par 52 maisons d\u2019\u00e9dition diff\u00e9rentes.<\/p>\n<p>Leur point commun : parler d\u2019\u00e9cologie, d\u2019environnement ou du vivant aux plus jeunes.<br \/>\nLe jury, qui d\u00e9partagera les six livres de chaque s\u00e9lection, est compos\u00e9 d\u2019enfants de 7 \u00e0 12 ans\u00a0 \u2013 pas loin de 500 cette ann\u00e9e, r\u00e9partis dans la France enti\u00e8re \u2013 qui vont lire, \u00e9changer, se forger leur point de vue. Des rencontres avec des \u00e9diteurs\/trices, auteurs\/trices, illustrateurs\/trices, et des ateliers de cr\u00e9ation artistique seront organis\u00e9s dans les diff\u00e9rentes \u00e9coles dans les mois \u00e0 venir. Les enfants voteront en fin d\u2019ann\u00e9e scolaire et remettront le prix aux laur\u00e9at.es de chaque s\u00e9lection : Graines de lecteurs et Lecteurs en herbe.<\/p>\n","protected":false},"excerpt":{"rendered":"<p>Les nouvelles s\u00e9lections 2024 sont arriv\u00e9es.\u00a0 Elles \u00a0 ont \u00e9t\u00e9 compos\u00e9es par le comit\u00e9 de lecture du Felip\u00e9 parmi une production de plus en plus foisonnante. Nous avons re\u00e7u 125 livres (tous parus en 2023), envoy\u00e9s par 52 maisons d\u2019\u00e9dition diff\u00e9rentes. Leur point commun : parler d\u2019\u00e9cologie, d\u2019environnement ou du vivant aux plus jeunes. Le [&hellip;]<\/p>\n","protected":false},"author":4,"featured_media":5822,"comment_status":"closed","ping_status":"closed","sticky":false,"template":"","format":"standard","meta":{"_acf_changed":false,"footnotes":""},"categories":[],"tags":[],"class_list":["post-7216","post","type-post","status-publish","format-standard","has-post-thumbnail","hentry"],"acf":[],"yoast_head":"<!-- This site is optimized with the Yoast SEO plugin v28.3 - https:\/\/yoast.com\/product\/yoast-seo-wordpress\/ -->\n<title>Prix du livre jeunesse \u00e9colo 2024 &#8211; Fondation Primat<\/title>\n<meta name=\"robots\" content=\"index, follow, max-snippet:-1, max-image-preview:large, max-video-preview:-1\" \/>\n<link rel=\"canonical\" href=\"https:\/\/fondationprimat.org\/en\/prix-du-livre-jeunesse-ecolo-2024\/\" \/>\n<meta property=\"og:locale\" content=\"en_US\" \/>\n<meta property=\"og:type\" content=\"article\" \/>\n<meta property=\"og:title\" content=\"Prix du livre jeunesse \u00e9colo 2024 &#8211; Fondation Primat\" \/>\n<meta property=\"og:description\" content=\"Les nouvelles s\u00e9lections 2024 sont arriv\u00e9es.\u00a0 Elles \u00a0 ont \u00e9t\u00e9 compos\u00e9es par le comit\u00e9 de lecture du Felip\u00e9 parmi une production de plus en plus foisonnante. Nous avons re\u00e7u 125 livres (tous parus en 2023), envoy\u00e9s par 52 maisons d\u2019\u00e9dition diff\u00e9rentes. Leur point commun : parler d\u2019\u00e9cologie, d\u2019environnement ou du vivant aux plus jeunes. Le [&hellip;]\" \/>\n<meta property=\"og:url\" content=\"https:\/\/fondationprimat.org\/en\/prix-du-livre-jeunesse-ecolo-2024\/\" \/>\n<meta property=\"og:site_name\" content=\"Fondation Primat\" \/>\n<meta property=\"article:published_time\" content=\"2024-02-09T15:24:27+00:00\" \/>\n<meta property=\"og:image\" content=\"https:\/\/fondationprimat.org\/wp-content\/uploads\/2024\/02\/2024-Lecteurs-en-herbe-768x768-1.png\" \/>\n\t<meta property=\"og:image:width\" content=\"768\" \/>\n\t<meta property=\"og:image:height\" content=\"768\" \/>\n\t<meta property=\"og:image:type\" content=\"image\/png\" \/>\n<meta name=\"author\" content=\"Ga\u00ebl Lugaz\" \/>\n<meta name=\"twitter:card\" content=\"summary_large_image\" \/>\n<meta name=\"twitter:label1\" content=\"Written by\" \/>\n\t<meta name=\"twitter:data1\" content=\"Ga\u00ebl Lugaz\" \/>\n\t<meta name=\"twitter:label2\" content=\"Est. reading time\" \/>\n\t<meta name=\"twitter:data2\" content=\"1 minute\" \/>\n<script type=\"application\/ld+json\" class=\"yoast-schema-graph\">{\"@context\":\"https:\\\/\\\/schema.org\",\"@graph\":[{\"@type\":\"Article\",\"@id\":\"https:\\\/\\\/fondationprimat.org\\\/en\\\/prix-du-livre-jeunesse-ecolo-2024\\\/#article\",\"isPartOf\":{\"@id\":\"https:\\\/\\\/fondationprimat.org\\\/en\\\/prix-du-livre-jeunesse-ecolo-2024\\\/\"},\"author\":{\"name\":\"Ga\u00ebl Lugaz\",\"@id\":\"https:\\\/\\\/fondationprimat.org\\\/#\\\/schema\\\/person\\\/ec184bf89fb6c267cc11ca6e54ab6e5b\"},\"headline\":\"Prix du livre jeunesse \u00e9colo 2024\",\"datePublished\":\"2024-02-09T15:24:27+00:00\",\"mainEntityOfPage\":{\"@id\":\"https:\\\/\\\/fondationprimat.org\\\/en\\\/prix-du-livre-jeunesse-ecolo-2024\\\/\"},\"wordCount\":160,\"publisher\":{\"@id\":\"https:\\\/\\\/fondationprimat.org\\\/#organization\"},\"image\":{\"@id\":\"https:\\\/\\\/fondationprimat.org\\\/en\\\/prix-du-livre-jeunesse-ecolo-2024\\\/#primaryimage\"},\"thumbnailUrl\":\"https:\\\/\\\/fondationprimat.org\\\/wp-content\\\/uploads\\\/2024\\\/02\\\/2024-Lecteurs-en-herbe-768x768-1.png\",\"inLanguage\":\"en-US\"},{\"@type\":\"WebPage\",\"@id\":\"https:\\\/\\\/fondationprimat.org\\\/en\\\/prix-du-livre-jeunesse-ecolo-2024\\\/\",\"url\":\"https:\\\/\\\/fondationprimat.org\\\/en\\\/prix-du-livre-jeunesse-ecolo-2024\\\/\",\"name\":\"Prix du livre jeunesse \u00e9colo 2024 &#8211; Fondation Primat\",\"isPartOf\":{\"@id\":\"https:\\\/\\\/fondationprimat.org\\\/#website\"},\"primaryImageOfPage\":{\"@id\":\"https:\\\/\\\/fondationprimat.org\\\/en\\\/prix-du-livre-jeunesse-ecolo-2024\\\/#primaryimage\"},\"image\":{\"@id\":\"https:\\\/\\\/fondationprimat.org\\\/en\\\/prix-du-livre-jeunesse-ecolo-2024\\\/#primaryimage\"},\"thumbnailUrl\":\"https:\\\/\\\/fondationprimat.org\\\/wp-content\\\/uploads\\\/2024\\\/02\\\/2024-Lecteurs-en-herbe-768x768-1.png\",\"datePublished\":\"2024-02-09T15:24:27+00:00\",\"breadcrumb\":{\"@id\":\"https:\\\/\\\/fondationprimat.org\\\/en\\\/prix-du-livre-jeunesse-ecolo-2024\\\/#breadcrumb\"},\"inLanguage\":\"en-US\",\"potentialAction\":[{\"@type\":\"ReadAction\",\"target\":[\"https:\\\/\\\/fondationprimat.org\\\/en\\\/prix-du-livre-jeunesse-ecolo-2024\\\/\"]}]},{\"@type\":\"ImageObject\",\"inLanguage\":\"en-US\",\"@id\":\"https:\\\/\\\/fondationprimat.org\\\/en\\\/prix-du-livre-jeunesse-ecolo-2024\\\/#primaryimage\",\"url\":\"https:\\\/\\\/fondationprimat.org\\\/wp-content\\\/uploads\\\/2024\\\/02\\\/2024-Lecteurs-en-herbe-768x768-1.png\",\"contentUrl\":\"https:\\\/\\\/fondationprimat.org\\\/wp-content\\\/uploads\\\/2024\\\/02\\\/2024-Lecteurs-en-herbe-768x768-1.png\",\"width\":768,\"height\":768},{\"@type\":\"BreadcrumbList\",\"@id\":\"https:\\\/\\\/fondationprimat.org\\\/en\\\/prix-du-livre-jeunesse-ecolo-2024\\\/#breadcrumb\",\"itemListElement\":[{\"@type\":\"ListItem\",\"position\":1,\"name\":\"Home\",\"item\":\"https:\\\/\\\/fondationprimat.org\\\/en\\\/\"},{\"@type\":\"ListItem\",\"position\":2,\"name\":\"Prix du livre jeunesse \u00e9colo 2024\"}]},{\"@type\":\"WebSite\",\"@id\":\"https:\\\/\\\/fondationprimat.org\\\/#website\",\"url\":\"https:\\\/\\\/fondationprimat.org\\\/\",\"name\":\"Fondation Didier et Martine Primat\",\"description\":\"\",\"publisher\":{\"@id\":\"https:\\\/\\\/fondationprimat.org\\\/#organization\"},\"alternateName\":\"Fondation Primat\",\"potentialAction\":[{\"@type\":\"SearchAction\",\"target\":{\"@type\":\"EntryPoint\",\"urlTemplate\":\"https:\\\/\\\/fondationprimat.org\\\/?s={search_term_string}\"},\"query-input\":{\"@type\":\"PropertyValueSpecification\",\"valueRequired\":true,\"valueName\":\"search_term_string\"}}],\"inLanguage\":\"en-US\"},{\"@type\":\"Organization\",\"@id\":\"https:\\\/\\\/fondationprimat.org\\\/#organization\",\"name\":\"Fondation Didier et Martine Primat\",\"url\":\"https:\\\/\\\/fondationprimat.org\\\/\",\"logo\":{\"@type\":\"ImageObject\",\"inLanguage\":\"en-US\",\"@id\":\"https:\\\/\\\/fondationprimat.org\\\/#\\\/schema\\\/logo\\\/image\\\/\",\"url\":\"https:\\\/\\\/fondationprimat.org\\\/wp-content\\\/uploads\\\/2026\\\/09\\\/Logo-Fondation-Primat.png.webp\",\"contentUrl\":\"https:\\\/\\\/fondationprimat.org\\\/wp-content\\\/uploads\\\/2026\\\/09\\\/Logo-Fondation-Primat.png.webp\",\"width\":768,\"height\":742,\"caption\":\"Fondation Didier et Martine Primat\"},\"image\":{\"@id\":\"https:\\\/\\\/fondationprimat.org\\\/#\\\/schema\\\/logo\\\/image\\\/\"}},{\"@type\":\"Person\",\"@id\":\"https:\\\/\\\/fondationprimat.org\\\/#\\\/schema\\\/person\\\/ec184bf89fb6c267cc11ca6e54ab6e5b\",\"name\":\"Ga\u00ebl Lugaz\",\"image\":{\"@type\":\"ImageObject\",\"inLanguage\":\"en-US\",\"@id\":\"https:\\\/\\\/secure.gravatar.com\\\/avatar\\\/ef21b12be65ef847d06267bb1807ba80e502590c8282fd0298a08a7278d44861?s=96&d=mm&r=g\",\"url\":\"https:\\\/\\\/secure.gravatar.com\\\/avatar\\\/ef21b12be65ef847d06267bb1807ba80e502590c8282fd0298a08a7278d44861?s=96&d=mm&r=g\",\"contentUrl\":\"https:\\\/\\\/secure.gravatar.com\\\/avatar\\\/ef21b12be65ef847d06267bb1807ba80e502590c8282fd0298a08a7278d44861?s=96&d=mm&r=g\",\"caption\":\"Ga\u00ebl Lugaz\"}}]}<\/script>\n<!-- \/ Yoast SEO plugin. -->","yoast_head_json":{"title":"Prix du livre jeunesse \u00e9colo 2024 &#8211; Fondation Primat","robots":{"index":"index","follow":"follow","max-snippet":"max-snippet:-1","max-image-preview":"max-image-preview:large","max-video-preview":"max-video-preview:-1"},"canonical":"https:\/\/fondationprimat.org\/en\/prix-du-livre-jeunesse-ecolo-2024\/","og_locale":"en_US","og_type":"article","og_title":"Prix du livre jeunesse \u00e9colo 2024 &#8211; Fondation Primat","og_description":"Les nouvelles s\u00e9lections 2024 sont arriv\u00e9es.\u00a0 Elles \u00a0 ont \u00e9t\u00e9 compos\u00e9es par le comit\u00e9 de lecture du Felip\u00e9 parmi une production de plus en plus foisonnante. Nous avons re\u00e7u 125 livres (tous parus en 2023), envoy\u00e9s par 52 maisons d\u2019\u00e9dition diff\u00e9rentes. Leur point commun : parler d\u2019\u00e9cologie, d\u2019environnement ou du vivant aux plus jeunes. Le [&hellip;]","og_url":"https:\/\/fondationprimat.org\/en\/prix-du-livre-jeunesse-ecolo-2024\/","og_site_name":"Fondation Primat","article_published_time":"2024-02-09T15:24:27+00:00","og_image":[{"width":768,"height":768,"url":"https:\/\/fondationprimat.org\/wp-content\/uploads\/2024\/02\/2024-Lecteurs-en-herbe-768x768-1.png","type":"image\/png"}],"author":"Ga\u00ebl Lugaz","twitter_card":"summary_large_image","twitter_misc":{"Written by":"Ga\u00ebl Lugaz","Est. reading time":"1 minute"},"schema":{"@context":"https:\/\/schema.org","@graph":[{"@type":"Article","@id":"https:\/\/fondationprimat.org\/en\/prix-du-livre-jeunesse-ecolo-2024\/#article","isPartOf":{"@id":"https:\/\/fondationprimat.org\/en\/prix-du-livre-jeunesse-ecolo-2024\/"},"author":{"name":"Ga\u00ebl Lugaz","@id":"https:\/\/fondationprimat.org\/#\/schema\/person\/ec184bf89fb6c267cc11ca6e54ab6e5b"},"headline":"Prix du livre jeunesse \u00e9colo 2024","datePublished":"2024-02-09T15:24:27+00:00","mainEntityOfPage":{"@id":"https:\/\/fondationprimat.org\/en\/prix-du-livre-jeunesse-ecolo-2024\/"},"wordCount":160,"publisher":{"@id":"https:\/\/fondationprimat.org\/#organization"},"image":{"@id":"https:\/\/fondationprimat.org\/en\/prix-du-livre-jeunesse-ecolo-2024\/#primaryimage"},"thumbnailUrl":"https:\/\/fondationprimat.org\/wp-content\/uploads\/2024\/02\/2024-Lecteurs-en-herbe-768x768-1.png","inLanguage":"en-US"},{"@type":"WebPage","@id":"https:\/\/fondationprimat.org\/en\/prix-du-livre-jeunesse-ecolo-2024\/","url":"https:\/\/fondationprimat.org\/en\/prix-du-livre-jeunesse-ecolo-2024\/","name":"Prix du livre jeunesse \u00e9colo 2024 &#8211; Fondation Primat","isPartOf":{"@id":"https:\/\/fondationprimat.org\/#website"},"primaryImageOfPage":{"@id":"https:\/\/fondationprimat.org\/en\/prix-du-livre-jeunesse-ecolo-2024\/#primaryimage"},"image":{"@id":"https:\/\/fondationprimat.org\/en\/prix-du-livre-jeunesse-ecolo-2024\/#primaryimage"},"thumbnailUrl":"https:\/\/fondationprimat.org\/wp-content\/uploads\/2024\/02\/2024-Lecteurs-en-herbe-768x768-1.png","datePublished":"2024-02-09T15:24:27+00:00","breadcrumb":{"@id":"https:\/\/fondationprimat.org\/en\/prix-du-livre-jeunesse-ecolo-2024\/#breadcrumb"},"inLanguage":"en-US","potentialAction":[{"@type":"ReadAction","target":["https:\/\/fondationprimat.org\/en\/prix-du-livre-jeunesse-ecolo-2024\/"]}]},{"@type":"ImageObject","inLanguage":"en-US","@id":"https:\/\/fondationprimat.org\/en\/prix-du-livre-jeunesse-ecolo-2024\/#primaryimage","url":"https:\/\/fondationprimat.org\/wp-content\/uploads\/2024\/02\/2024-Lecteurs-en-herbe-768x768-1.png","contentUrl":"https:\/\/fondationprimat.org\/wp-content\/uploads\/2024\/02\/2024-Lecteurs-en-herbe-768x768-1.png","width":768,"height":768},{"@type":"BreadcrumbList","@id":"https:\/\/fondationprimat.org\/en\/prix-du-livre-jeunesse-ecolo-2024\/#breadcrumb","itemListElement":[{"@type":"ListItem","position":1,"name":"Home","item":"https:\/\/fondationprimat.org\/en\/"},{"@type":"ListItem","position":2,"name":"Prix du livre jeunesse \u00e9colo 2024"}]},{"@type":"WebSite","@id":"https:\/\/fondationprimat.org\/#website","url":"https:\/\/fondationprimat.org\/","name":"Fondation Didier et Martine Primat","description":"","publisher":{"@id":"https:\/\/fondationprimat.org\/#organization"},"alternateName":"Fondation Primat","potentialAction":[{"@type":"SearchAction","target":{"@type":"EntryPoint","urlTemplate":"https:\/\/fondationprimat.org\/?s={search_term_string}"},"query-input":{"@type":"PropertyValueSpecification","valueRequired":true,"valueName":"search_term_string"}}],"inLanguage":"en-US"},{"@type":"Organization","@id":"https:\/\/fondationprimat.org\/#organization","name":"Fondation Didier et Martine Primat","url":"https:\/\/fondationprimat.org\/","logo":{"@type":"ImageObject","inLanguage":"en-US","@id":"https:\/\/fondationprimat.org\/#\/schema\/logo\/image\/","url":"https:\/\/fondationprimat.org\/wp-content\/uploads\/2026\/09\/Logo-Fondation-Primat.png.webp","contentUrl":"https:\/\/fondationprimat.org\/wp-content\/uploads\/2026\/09\/Logo-Fondation-Primat.png.webp","width":768,"height":742,"caption":"Fondation Didier et Martine Primat"},"image":{"@id":"https:\/\/fondationprimat.org\/#\/schema\/logo\/image\/"}},{"@type":"Person","@id":"https:\/\/fondationprimat.org\/#\/schema\/person\/ec184bf89fb6c267cc11ca6e54ab6e5b","name":"Ga\u00ebl Lugaz","image":{"@type":"ImageObject","inLanguage":"en-US","@id":"https:\/\/secure.gravatar.com\/avatar\/ef21b12be65ef847d06267bb1807ba80e502590c8282fd0298a08a7278d44861?s=96&d=mm&r=g","url":"https:\/\/secure.gravatar.com\/avatar\/ef21b12be65ef847d06267bb1807ba80e502590c8282fd0298a08a7278d44861?s=96&d=mm&r=g","contentUrl":"https:\/\/secure.gravatar.com\/avatar\/ef21b12be65ef847d06267bb1807ba80e502590c8282fd0298a08a7278d44861?s=96&d=mm&r=g","caption":"Ga\u00ebl Lugaz"}}]}},"_links":{"self":[{"href":"https:\/\/fondationprimat.org\/en\/wp-json\/wp\/v2\/posts\/7216","targetHints":{"allow":["GET"]}}],"collection":[{"href":"https:\/\/fondationprimat.org\/en\/wp-json\/wp\/v2\/posts"}],"about":[{"href":"https:\/\/fondationprimat.org\/en\/wp-json\/wp\/v2\/types\/post"}],"author":[{"embeddable":true,"href":"https:\/\/fondationprimat.org\/en\/wp-json\/wp\/v2\/users\/4"}],"replies":[{"embeddable":true,"href":"https:\/\/fondationprimat.org\/en\/wp-json\/wp\/v2\/comments?post=7216"}],"version-history":[{"count":0,"href":"https:\/\/fondationprimat.org\/en\/wp-json\/wp\/v2\/posts\/7216\/revisions"}],"wp:featuredmedia":[{"embeddable":true,"href":"https:\/\/fondationprimat.org\/en\/wp-json\/wp\/v2\/media\/5822"}],"wp:attachment":[{"href":"https:\/\/fondationprimat.org\/en\/wp-json\/wp\/v2\/media?parent=7216"}],"wp:term":[{"taxonomy":"category","embeddable":true,"href":"https:\/\/fondationprimat.org\/en\/wp-json\/wp\/v2\/categories?post=7216"},{"taxonomy":"post_tag","embeddable":true,"href":"https:\/\/fondationprimat.org\/en\/wp-json\/wp\/v2\/tags?post=7216"}],"curies":[{"name":"wp","href":"https:\/\/api.w.org\/{rel}","templated":true}]}}