{"id":7212,"date":"2024-04-26T15:28:06","date_gmt":"2024-04-26T13:28:06","guid":{"rendered":"https:\/\/2026.fondationprimat.org\/les-laureats-du-8eme-appel-a-micro-innitiatives\/"},"modified":"2024-04-26T15:28:06","modified_gmt":"2024-04-26T13:28:06","slug":"les-laureats-du-8eme-appel-a-micro-innitiatives","status":"publish","type":"post","link":"https:\/\/fondationprimat.org\/en\/les-laureats-du-8eme-appel-a-micro-innitiatives\/","title":{"rendered":"Les laur\u00e9ats du 8\u00e8me appel \u00e0 micro-innitiatives"},"content":{"rendered":"<div class=\"container mw-100\">\n<div class=\"row\">\n<div class=\"col-xs-12\">\n<p>En 2024, BeMed soutiendra 14 initiatives locales visant \u00e0 sensibiliser et r\u00e9duire la pollution plastique en M\u00e9diterran\u00e9e. Pour renforcer son soutien aux acteurs locaux, BeMed s\u2019attache \u00e0\u00a0<strong>faciliter le dialogue<\/strong>\u00a0et\u00a0<strong>cr\u00e9er une dynamique d\u2019\u00e9change<\/strong>\u00a0et de\u00a0<strong>partage<\/strong>\u00a0au sein d\u2019un r\u00e9seau d\u2019acteurs m\u00e9diterran\u00e9ens engag\u00e9s pour une M\u00e9diterran\u00e9e sans plastique.<\/p>\n<\/div>\n<\/div>\n<\/div>\n<div class=\"container mw-100\">\n<div class=\"row\">\n<div class=\"col-xs-12\">\n<p>De nombreuses \u00e9tudes scientifiques consid\u00e8rent que la M\u00e9diterran\u00e9e est la mer la plus pollu\u00e9e du monde. Depuis sa cr\u00e9ation,\u00a0<strong>BeMed s\u2019engage \u00e0 soutenir les efforts\u00a0<\/strong>visant \u00e0 lutter contre la pollution plastique, notamment \u00e0 travers son appel \u00e0 micro-initiatives. Pour renforcer l\u2019efficacit\u00e9 et la port\u00e9e des projets soutenus, BeMed s\u2019efforce de\u00a0<strong>faciliter les \u00e9changes<\/strong>\u00a0d\u2019exp\u00e9riences et de bonnes pratiques au sein du\u00a0<strong>r\u00e9seau d\u2019acteurs<\/strong>\u00a0qu\u2019elle accompagne.\u00a0<strong>Depuis 2015, BeMed a soutenu 92 projets, soit 1,3 million d\u2019euros investis.<\/strong><\/p>\n<\/div>\n<\/div>\n<\/div>\n<div class=\"container mw-100\">\n<div class=\"row\">\n<div class=\"col-xs-12\">\n<p>En 2024,\u00a0<strong>14 nouveaux projets\u00a0<\/strong>issus de\u00a0<strong>9 pays\u00a0<\/strong>diff\u00e9rents rejoindront le r\u00e9seau d\u2019acteurs de BeMed.<\/p>\n<p><a href=\"https:\/\/www.beyondplasticmed.org\/decouvrez-les-laureats-du-8eme-appel-a-micro-initiatives\/\">https:\/\/www.beyondplasticmed.org\/decouvrez-les-laureats-du-8eme-appel-a-micro-initiatives\/<\/a><\/p>\n<p><img fetchpriority=\"high\" decoding=\"async\" class=\"alignnone size-full wp-image-5878\" src=\"https:\/\/fondationprimat.org\/wp-content\/uploads\/2024\/04\/BeMed-2024.jpg\" alt=\"\" width=\"808\" height=\"446\" srcset=\"https:\/\/fondationprimat.org\/wp-content\/uploads\/2024\/04\/BeMed-2024.jpg 808w, https:\/\/fondationprimat.org\/wp-content\/uploads\/2024\/04\/BeMed-2024-300x166.jpg 300w, https:\/\/fondationprimat.org\/wp-content\/uploads\/2024\/04\/BeMed-2024-768x424.jpg 768w, https:\/\/fondationprimat.org\/wp-content\/uploads\/2024\/04\/BeMed-2024-650x359.jpg 650w\" sizes=\"(max-width: 808px) 100vw, 808px\" \/><\/p>\n<\/div>\n<\/div>\n<\/div>\n","protected":false},"excerpt":{"rendered":"<p>En 2024, BeMed soutiendra 14 initiatives locales visant \u00e0 sensibiliser et r\u00e9duire la pollution plastique en M\u00e9diterran\u00e9e. Pour renforcer son soutien aux acteurs locaux, BeMed s\u2019attache \u00e0\u00a0faciliter le dialogue\u00a0et\u00a0cr\u00e9er une dynamique d\u2019\u00e9change\u00a0et de\u00a0partage\u00a0au sein d\u2019un r\u00e9seau d\u2019acteurs m\u00e9diterran\u00e9ens engag\u00e9s pour une M\u00e9diterran\u00e9e sans plastique. De nombreuses \u00e9tudes scientifiques consid\u00e8rent que la M\u00e9diterran\u00e9e est la mer [&hellip;]<\/p>\n","protected":false},"author":4,"featured_media":5882,"comment_status":"closed","ping_status":"closed","sticky":false,"template":"","format":"standard","meta":{"_acf_changed":false,"footnotes":""},"categories":[2],"tags":[],"class_list":["post-7212","post","type-post","status-publish","format-standard","has-post-thumbnail","hentry","category-uncategorized"],"acf":[],"yoast_head":"<!-- This site is optimized with the Yoast SEO plugin v28.3 - https:\/\/yoast.com\/product\/yoast-seo-wordpress\/ -->\n<title>Les laur\u00e9ats du 8\u00e8me appel \u00e0 micro-innitiatives &#8211; Fondation Primat<\/title>\n<meta name=\"robots\" content=\"index, follow, max-snippet:-1, max-image-preview:large, max-video-preview:-1\" \/>\n<link rel=\"canonical\" href=\"https:\/\/fondationprimat.org\/en\/les-laureats-du-8eme-appel-a-micro-innitiatives\/\" \/>\n<meta property=\"og:locale\" content=\"en_US\" \/>\n<meta property=\"og:type\" content=\"article\" \/>\n<meta property=\"og:title\" content=\"Les laur\u00e9ats du 8\u00e8me appel \u00e0 micro-innitiatives &#8211; Fondation Primat\" \/>\n<meta property=\"og:description\" content=\"En 2024, BeMed soutiendra 14 initiatives locales visant \u00e0 sensibiliser et r\u00e9duire la pollution plastique en M\u00e9diterran\u00e9e. Pour renforcer son soutien aux acteurs locaux, BeMed s\u2019attache \u00e0\u00a0faciliter le dialogue\u00a0et\u00a0cr\u00e9er une dynamique d\u2019\u00e9change\u00a0et de\u00a0partage\u00a0au sein d\u2019un r\u00e9seau d\u2019acteurs m\u00e9diterran\u00e9ens engag\u00e9s pour une M\u00e9diterran\u00e9e sans plastique. De nombreuses \u00e9tudes scientifiques consid\u00e8rent que la M\u00e9diterran\u00e9e est la mer [&hellip;]\" \/>\n<meta property=\"og:url\" content=\"https:\/\/fondationprimat.org\/en\/les-laureats-du-8eme-appel-a-micro-innitiatives\/\" \/>\n<meta property=\"og:site_name\" content=\"Fondation Primat\" \/>\n<meta property=\"article:published_time\" content=\"2024-04-26T13:28:06+00:00\" \/>\n<meta property=\"og:image\" content=\"https:\/\/fondationprimat.org\/wp-content\/uploads\/2024\/04\/CARTEAMI2024-FR-1536x1190-1.png\" \/>\n\t<meta property=\"og:image:width\" content=\"1536\" \/>\n\t<meta property=\"og:image:height\" content=\"1190\" \/>\n\t<meta property=\"og:image:type\" content=\"image\/png\" \/>\n<meta name=\"author\" content=\"Ga\u00ebl Lugaz\" \/>\n<meta name=\"twitter:card\" content=\"summary_large_image\" \/>\n<meta name=\"twitter:label1\" content=\"Written by\" \/>\n\t<meta name=\"twitter:data1\" content=\"Ga\u00ebl Lugaz\" \/>\n<script type=\"application\/ld+json\" class=\"yoast-schema-graph\">{\"@context\":\"https:\\\/\\\/schema.org\",\"@graph\":[{\"@type\":\"Article\",\"@id\":\"https:\\\/\\\/fondationprimat.org\\\/en\\\/les-laureats-du-8eme-appel-a-micro-innitiatives\\\/#article\",\"isPartOf\":{\"@id\":\"https:\\\/\\\/fondationprimat.org\\\/en\\\/les-laureats-du-8eme-appel-a-micro-innitiatives\\\/\"},\"author\":{\"name\":\"Ga\u00ebl Lugaz\",\"@id\":\"https:\\\/\\\/fondationprimat.org\\\/#\\\/schema\\\/person\\\/ec184bf89fb6c267cc11ca6e54ab6e5b\"},\"headline\":\"Les laur\u00e9ats du 8\u00e8me appel \u00e0 micro-innitiatives\",\"datePublished\":\"2024-04-26T13:28:06+00:00\",\"mainEntityOfPage\":{\"@id\":\"https:\\\/\\\/fondationprimat.org\\\/en\\\/les-laureats-du-8eme-appel-a-micro-innitiatives\\\/\"},\"wordCount\":175,\"publisher\":{\"@id\":\"https:\\\/\\\/fondationprimat.org\\\/#organization\"},\"image\":{\"@id\":\"https:\\\/\\\/fondationprimat.org\\\/en\\\/les-laureats-du-8eme-appel-a-micro-innitiatives\\\/#primaryimage\"},\"thumbnailUrl\":\"https:\\\/\\\/fondationprimat.org\\\/wp-content\\\/uploads\\\/2024\\\/04\\\/CARTEAMI2024-FR-1536x1190-1.png\",\"inLanguage\":\"en-US\"},{\"@type\":\"WebPage\",\"@id\":\"https:\\\/\\\/fondationprimat.org\\\/en\\\/les-laureats-du-8eme-appel-a-micro-innitiatives\\\/\",\"url\":\"https:\\\/\\\/fondationprimat.org\\\/en\\\/les-laureats-du-8eme-appel-a-micro-innitiatives\\\/\",\"name\":\"Les laur\u00e9ats du 8\u00e8me appel \u00e0 micro-innitiatives &#8211; Fondation Primat\",\"isPartOf\":{\"@id\":\"https:\\\/\\\/fondationprimat.org\\\/#website\"},\"primaryImageOfPage\":{\"@id\":\"https:\\\/\\\/fondationprimat.org\\\/en\\\/les-laureats-du-8eme-appel-a-micro-innitiatives\\\/#primaryimage\"},\"image\":{\"@id\":\"https:\\\/\\\/fondationprimat.org\\\/en\\\/les-laureats-du-8eme-appel-a-micro-innitiatives\\\/#primaryimage\"},\"thumbnailUrl\":\"https:\\\/\\\/fondationprimat.org\\\/wp-content\\\/uploads\\\/2024\\\/04\\\/CARTEAMI2024-FR-1536x1190-1.png\",\"datePublished\":\"2024-04-26T13:28:06+00:00\",\"breadcrumb\":{\"@id\":\"https:\\\/\\\/fondationprimat.org\\\/en\\\/les-laureats-du-8eme-appel-a-micro-innitiatives\\\/#breadcrumb\"},\"inLanguage\":\"en-US\",\"potentialAction\":[{\"@type\":\"ReadAction\",\"target\":[\"https:\\\/\\\/fondationprimat.org\\\/en\\\/les-laureats-du-8eme-appel-a-micro-innitiatives\\\/\"]}]},{\"@type\":\"ImageObject\",\"inLanguage\":\"en-US\",\"@id\":\"https:\\\/\\\/fondationprimat.org\\\/en\\\/les-laureats-du-8eme-appel-a-micro-innitiatives\\\/#primaryimage\",\"url\":\"https:\\\/\\\/fondationprimat.org\\\/wp-content\\\/uploads\\\/2024\\\/04\\\/CARTEAMI2024-FR-1536x1190-1.png\",\"contentUrl\":\"https:\\\/\\\/fondationprimat.org\\\/wp-content\\\/uploads\\\/2024\\\/04\\\/CARTEAMI2024-FR-1536x1190-1.png\",\"width\":1536,\"height\":1190},{\"@type\":\"BreadcrumbList\",\"@id\":\"https:\\\/\\\/fondationprimat.org\\\/en\\\/les-laureats-du-8eme-appel-a-micro-innitiatives\\\/#breadcrumb\",\"itemListElement\":[{\"@type\":\"ListItem\",\"position\":1,\"name\":\"Home\",\"item\":\"https:\\\/\\\/fondationprimat.org\\\/en\\\/\"},{\"@type\":\"ListItem\",\"position\":2,\"name\":\"Les laur\u00e9ats du 8\u00e8me appel \u00e0 micro-innitiatives\"}]},{\"@type\":\"WebSite\",\"@id\":\"https:\\\/\\\/fondationprimat.org\\\/#website\",\"url\":\"https:\\\/\\\/fondationprimat.org\\\/\",\"name\":\"Fondation Didier et Martine Primat\",\"description\":\"\",\"publisher\":{\"@id\":\"https:\\\/\\\/fondationprimat.org\\\/#organization\"},\"alternateName\":\"Fondation Primat\",\"potentialAction\":[{\"@type\":\"SearchAction\",\"target\":{\"@type\":\"EntryPoint\",\"urlTemplate\":\"https:\\\/\\\/fondationprimat.org\\\/?s={search_term_string}\"},\"query-input\":{\"@type\":\"PropertyValueSpecification\",\"valueRequired\":true,\"valueName\":\"search_term_string\"}}],\"inLanguage\":\"en-US\"},{\"@type\":\"Organization\",\"@id\":\"https:\\\/\\\/fondationprimat.org\\\/#organization\",\"name\":\"Fondation Didier et Martine Primat\",\"url\":\"https:\\\/\\\/fondationprimat.org\\\/\",\"logo\":{\"@type\":\"ImageObject\",\"inLanguage\":\"en-US\",\"@id\":\"https:\\\/\\\/fondationprimat.org\\\/#\\\/schema\\\/logo\\\/image\\\/\",\"url\":\"https:\\\/\\\/fondationprimat.org\\\/wp-content\\\/uploads\\\/2026\\\/09\\\/Logo-Fondation-Primat.png.webp\",\"contentUrl\":\"https:\\\/\\\/fondationprimat.org\\\/wp-content\\\/uploads\\\/2026\\\/09\\\/Logo-Fondation-Primat.png.webp\",\"width\":768,\"height\":742,\"caption\":\"Fondation Didier et Martine Primat\"},\"image\":{\"@id\":\"https:\\\/\\\/fondationprimat.org\\\/#\\\/schema\\\/logo\\\/image\\\/\"}},{\"@type\":\"Person\",\"@id\":\"https:\\\/\\\/fondationprimat.org\\\/#\\\/schema\\\/person\\\/ec184bf89fb6c267cc11ca6e54ab6e5b\",\"name\":\"Ga\u00ebl Lugaz\",\"image\":{\"@type\":\"ImageObject\",\"inLanguage\":\"en-US\",\"@id\":\"https:\\\/\\\/secure.gravatar.com\\\/avatar\\\/ef21b12be65ef847d06267bb1807ba80e502590c8282fd0298a08a7278d44861?s=96&d=mm&r=g\",\"url\":\"https:\\\/\\\/secure.gravatar.com\\\/avatar\\\/ef21b12be65ef847d06267bb1807ba80e502590c8282fd0298a08a7278d44861?s=96&d=mm&r=g\",\"contentUrl\":\"https:\\\/\\\/secure.gravatar.com\\\/avatar\\\/ef21b12be65ef847d06267bb1807ba80e502590c8282fd0298a08a7278d44861?s=96&d=mm&r=g\",\"caption\":\"Ga\u00ebl Lugaz\"}}]}<\/script>\n<!-- \/ Yoast SEO plugin. -->","yoast_head_json":{"title":"Les laur\u00e9ats du 8\u00e8me appel \u00e0 micro-innitiatives &#8211; Fondation Primat","robots":{"index":"index","follow":"follow","max-snippet":"max-snippet:-1","max-image-preview":"max-image-preview:large","max-video-preview":"max-video-preview:-1"},"canonical":"https:\/\/fondationprimat.org\/en\/les-laureats-du-8eme-appel-a-micro-innitiatives\/","og_locale":"en_US","og_type":"article","og_title":"Les laur\u00e9ats du 8\u00e8me appel \u00e0 micro-innitiatives &#8211; Fondation Primat","og_description":"En 2024, BeMed soutiendra 14 initiatives locales visant \u00e0 sensibiliser et r\u00e9duire la pollution plastique en M\u00e9diterran\u00e9e. Pour renforcer son soutien aux acteurs locaux, BeMed s\u2019attache \u00e0\u00a0faciliter le dialogue\u00a0et\u00a0cr\u00e9er une dynamique d\u2019\u00e9change\u00a0et de\u00a0partage\u00a0au sein d\u2019un r\u00e9seau d\u2019acteurs m\u00e9diterran\u00e9ens engag\u00e9s pour une M\u00e9diterran\u00e9e sans plastique. De nombreuses \u00e9tudes scientifiques consid\u00e8rent que la M\u00e9diterran\u00e9e est la mer [&hellip;]","og_url":"https:\/\/fondationprimat.org\/en\/les-laureats-du-8eme-appel-a-micro-innitiatives\/","og_site_name":"Fondation Primat","article_published_time":"2024-04-26T13:28:06+00:00","og_image":[{"width":1536,"height":1190,"url":"https:\/\/fondationprimat.org\/wp-content\/uploads\/2024\/04\/CARTEAMI2024-FR-1536x1190-1.png","type":"image\/png"}],"author":"Ga\u00ebl Lugaz","twitter_card":"summary_large_image","twitter_misc":{"Written by":"Ga\u00ebl Lugaz"},"schema":{"@context":"https:\/\/schema.org","@graph":[{"@type":"Article","@id":"https:\/\/fondationprimat.org\/en\/les-laureats-du-8eme-appel-a-micro-innitiatives\/#article","isPartOf":{"@id":"https:\/\/fondationprimat.org\/en\/les-laureats-du-8eme-appel-a-micro-innitiatives\/"},"author":{"name":"Ga\u00ebl Lugaz","@id":"https:\/\/fondationprimat.org\/#\/schema\/person\/ec184bf89fb6c267cc11ca6e54ab6e5b"},"headline":"Les laur\u00e9ats du 8\u00e8me appel \u00e0 micro-innitiatives","datePublished":"2024-04-26T13:28:06+00:00","mainEntityOfPage":{"@id":"https:\/\/fondationprimat.org\/en\/les-laureats-du-8eme-appel-a-micro-innitiatives\/"},"wordCount":175,"publisher":{"@id":"https:\/\/fondationprimat.org\/#organization"},"image":{"@id":"https:\/\/fondationprimat.org\/en\/les-laureats-du-8eme-appel-a-micro-innitiatives\/#primaryimage"},"thumbnailUrl":"https:\/\/fondationprimat.org\/wp-content\/uploads\/2024\/04\/CARTEAMI2024-FR-1536x1190-1.png","inLanguage":"en-US"},{"@type":"WebPage","@id":"https:\/\/fondationprimat.org\/en\/les-laureats-du-8eme-appel-a-micro-innitiatives\/","url":"https:\/\/fondationprimat.org\/en\/les-laureats-du-8eme-appel-a-micro-innitiatives\/","name":"Les laur\u00e9ats du 8\u00e8me appel \u00e0 micro-innitiatives &#8211; Fondation Primat","isPartOf":{"@id":"https:\/\/fondationprimat.org\/#website"},"primaryImageOfPage":{"@id":"https:\/\/fondationprimat.org\/en\/les-laureats-du-8eme-appel-a-micro-innitiatives\/#primaryimage"},"image":{"@id":"https:\/\/fondationprimat.org\/en\/les-laureats-du-8eme-appel-a-micro-innitiatives\/#primaryimage"},"thumbnailUrl":"https:\/\/fondationprimat.org\/wp-content\/uploads\/2024\/04\/CARTEAMI2024-FR-1536x1190-1.png","datePublished":"2024-04-26T13:28:06+00:00","breadcrumb":{"@id":"https:\/\/fondationprimat.org\/en\/les-laureats-du-8eme-appel-a-micro-innitiatives\/#breadcrumb"},"inLanguage":"en-US","potentialAction":[{"@type":"ReadAction","target":["https:\/\/fondationprimat.org\/en\/les-laureats-du-8eme-appel-a-micro-innitiatives\/"]}]},{"@type":"ImageObject","inLanguage":"en-US","@id":"https:\/\/fondationprimat.org\/en\/les-laureats-du-8eme-appel-a-micro-innitiatives\/#primaryimage","url":"https:\/\/fondationprimat.org\/wp-content\/uploads\/2024\/04\/CARTEAMI2024-FR-1536x1190-1.png","contentUrl":"https:\/\/fondationprimat.org\/wp-content\/uploads\/2024\/04\/CARTEAMI2024-FR-1536x1190-1.png","width":1536,"height":1190},{"@type":"BreadcrumbList","@id":"https:\/\/fondationprimat.org\/en\/les-laureats-du-8eme-appel-a-micro-innitiatives\/#breadcrumb","itemListElement":[{"@type":"ListItem","position":1,"name":"Home","item":"https:\/\/fondationprimat.org\/en\/"},{"@type":"ListItem","position":2,"name":"Les laur\u00e9ats du 8\u00e8me appel \u00e0 micro-innitiatives"}]},{"@type":"WebSite","@id":"https:\/\/fondationprimat.org\/#website","url":"https:\/\/fondationprimat.org\/","name":"Fondation Didier et Martine Primat","description":"","publisher":{"@id":"https:\/\/fondationprimat.org\/#organization"},"alternateName":"Fondation Primat","potentialAction":[{"@type":"SearchAction","target":{"@type":"EntryPoint","urlTemplate":"https:\/\/fondationprimat.org\/?s={search_term_string}"},"query-input":{"@type":"PropertyValueSpecification","valueRequired":true,"valueName":"search_term_string"}}],"inLanguage":"en-US"},{"@type":"Organization","@id":"https:\/\/fondationprimat.org\/#organization","name":"Fondation Didier et Martine Primat","url":"https:\/\/fondationprimat.org\/","logo":{"@type":"ImageObject","inLanguage":"en-US","@id":"https:\/\/fondationprimat.org\/#\/schema\/logo\/image\/","url":"https:\/\/fondationprimat.org\/wp-content\/uploads\/2026\/09\/Logo-Fondation-Primat.png.webp","contentUrl":"https:\/\/fondationprimat.org\/wp-content\/uploads\/2026\/09\/Logo-Fondation-Primat.png.webp","width":768,"height":742,"caption":"Fondation Didier et Martine Primat"},"image":{"@id":"https:\/\/fondationprimat.org\/#\/schema\/logo\/image\/"}},{"@type":"Person","@id":"https:\/\/fondationprimat.org\/#\/schema\/person\/ec184bf89fb6c267cc11ca6e54ab6e5b","name":"Ga\u00ebl Lugaz","image":{"@type":"ImageObject","inLanguage":"en-US","@id":"https:\/\/secure.gravatar.com\/avatar\/ef21b12be65ef847d06267bb1807ba80e502590c8282fd0298a08a7278d44861?s=96&d=mm&r=g","url":"https:\/\/secure.gravatar.com\/avatar\/ef21b12be65ef847d06267bb1807ba80e502590c8282fd0298a08a7278d44861?s=96&d=mm&r=g","contentUrl":"https:\/\/secure.gravatar.com\/avatar\/ef21b12be65ef847d06267bb1807ba80e502590c8282fd0298a08a7278d44861?s=96&d=mm&r=g","caption":"Ga\u00ebl Lugaz"}}]}},"_links":{"self":[{"href":"https:\/\/fondationprimat.org\/en\/wp-json\/wp\/v2\/posts\/7212","targetHints":{"allow":["GET"]}}],"collection":[{"href":"https:\/\/fondationprimat.org\/en\/wp-json\/wp\/v2\/posts"}],"about":[{"href":"https:\/\/fondationprimat.org\/en\/wp-json\/wp\/v2\/types\/post"}],"author":[{"embeddable":true,"href":"https:\/\/fondationprimat.org\/en\/wp-json\/wp\/v2\/users\/4"}],"replies":[{"embeddable":true,"href":"https:\/\/fondationprimat.org\/en\/wp-json\/wp\/v2\/comments?post=7212"}],"version-history":[{"count":0,"href":"https:\/\/fondationprimat.org\/en\/wp-json\/wp\/v2\/posts\/7212\/revisions"}],"wp:featuredmedia":[{"embeddable":true,"href":"https:\/\/fondationprimat.org\/en\/wp-json\/wp\/v2\/media\/5882"}],"wp:attachment":[{"href":"https:\/\/fondationprimat.org\/en\/wp-json\/wp\/v2\/media?parent=7212"}],"wp:term":[{"taxonomy":"category","embeddable":true,"href":"https:\/\/fondationprimat.org\/en\/wp-json\/wp\/v2\/categories?post=7212"},{"taxonomy":"post_tag","embeddable":true,"href":"https:\/\/fondationprimat.org\/en\/wp-json\/wp\/v2\/tags?post=7212"}],"curies":[{"name":"wp","href":"https:\/\/api.w.org\/{rel}","templated":true}]}}