{"id":7209,"date":"2024-08-05T14:15:20","date_gmt":"2024-08-05T12:15:20","guid":{"rendered":"https:\/\/2026.fondationprimat.org\/concert-de-la-pianiste-karen-kuronuma-a-la-fondation-opale-le-7-septembre\/"},"modified":"2024-08-05T14:15:20","modified_gmt":"2024-08-05T12:15:20","slug":"concert-de-la-pianiste-karen-kuronuma-a-la-fondation-opale-le-7-septembre","status":"publish","type":"post","link":"https:\/\/fondationprimat.org\/en\/concert-de-la-pianiste-karen-kuronuma-a-la-fondation-opale-le-7-septembre\/","title":{"rendered":"Concert de la pianiste Karen Kuronuma \u00e0 la Fondation Opale le 7 septembre"},"content":{"rendered":"<p>La talentueuse pianiste japonaise Karen Kuronuma se produira en concert \u00e0 la <strong>Fondation Opale<\/strong> ; une performance exceptionnelle \u00e0 ne pas manquer le 7 septembre prochain.<\/p>\n<p>N\u00e9e \u00e0 Tokyo en 1998, <strong>Karen Kuronuma<\/strong> obtient son dipl\u00f4me de piano \u00e0 l\u2019universit\u00e9 des Arts de Tokyo sous la direction de Chiharu Sakai et Koji Shimoda. Elle \u00e9tudie actuellement au CNSM de Paris dans la classe de Reiko Hozu ainsi qu\u2019au Conservatoire royal de Bruxelles avec Johan Schmidt. Titulaire de nombreux prix, elle int\u00e8gre la 2e promotion de la Fondation Gautier Capu\u00e7on en 2023.<\/p>\n<p>La <strong><a href=\"https:\/\/fondationgautiercapucon.com\/\">Fondation Gautier Capu\u00e7on<\/a><\/strong> soutenue par la Fondation Didier et Martine Primat via le fonds MALOM, cr\u00e9\u00e9e par le c\u00e9l\u00e8bre violoncelliste en 2022, a pour objectif d\u2019accompagner la vocation musicale de jeunes artistes d\u2019exception lors de leurs \u00e9tudes et de les soutenir dans les premiers pas de leur carri\u00e8re.<br \/>\n_______________________________________<br \/>\n<strong>Programme le 7 septembre \u00e0 la Fondation Opale \u00e0 19.00<\/strong><\/p>\n<p>Haydn : Piano Sonata Hob: XVI 48 Do majeur (12&#8242;)<br \/>\nChopin : Fantaisie op.49 (13&#8242;)<br \/>\nDebussy : L&#8217;isle joyeuse (6&#8242;)<br \/>\nRachmaninov : Moments Musicaux op.16 (26&#8242;)<br \/>\n_______________________________________<br \/>\nCHF 40.- par personne<br \/>\nEnfants jusqu&#8217;\u00e0 12 ans : gratuit<\/p>\n<p>Places limit\u00e9es, sur r\u00e9servation : <a href=\"mailto:info@fondationopale.ch\">info@fondationopale.ch<\/a> ou 027 483 46 10<\/p>\n","protected":false},"excerpt":{"rendered":"<p>La talentueuse pianiste japonaise Karen Kuronuma se produira en concert \u00e0 la Fondation Opale ; une performance exceptionnelle \u00e0 ne pas manquer le 7 septembre prochain. N\u00e9e \u00e0 Tokyo en 1998, Karen Kuronuma obtient son dipl\u00f4me de piano \u00e0 l\u2019universit\u00e9 des Arts de Tokyo sous la direction de Chiharu Sakai et Koji Shimoda. Elle \u00e9tudie [&hellip;]<\/p>\n","protected":false},"author":4,"featured_media":5923,"comment_status":"closed","ping_status":"closed","sticky":false,"template":"","format":"standard","meta":{"_acf_changed":false,"footnotes":""},"categories":[2],"tags":[],"class_list":["post-7209","post","type-post","status-publish","format-standard","has-post-thumbnail","hentry","category-uncategorized"],"acf":[],"yoast_head":"<!-- This site is optimized with the Yoast SEO plugin v28.3 - https:\/\/yoast.com\/product\/yoast-seo-wordpress\/ -->\n<title>Concert de la pianiste Karen Kuronuma \u00e0 la Fondation Opale le 7 septembre &#8211; Fondation Primat<\/title>\n<meta name=\"robots\" content=\"index, follow, max-snippet:-1, max-image-preview:large, max-video-preview:-1\" \/>\n<link rel=\"canonical\" href=\"https:\/\/fondationprimat.org\/en\/concert-de-la-pianiste-karen-kuronuma-a-la-fondation-opale-le-7-septembre\/\" \/>\n<meta property=\"og:locale\" content=\"en_US\" \/>\n<meta property=\"og:type\" content=\"article\" \/>\n<meta property=\"og:title\" content=\"Concert de la pianiste Karen Kuronuma \u00e0 la Fondation Opale le 7 septembre &#8211; Fondation Primat\" \/>\n<meta property=\"og:description\" content=\"La talentueuse pianiste japonaise Karen Kuronuma se produira en concert \u00e0 la Fondation Opale ; une performance exceptionnelle \u00e0 ne pas manquer le 7 septembre prochain. N\u00e9e \u00e0 Tokyo en 1998, Karen Kuronuma obtient son dipl\u00f4me de piano \u00e0 l\u2019universit\u00e9 des Arts de Tokyo sous la direction de Chiharu Sakai et Koji Shimoda. Elle \u00e9tudie [&hellip;]\" \/>\n<meta property=\"og:url\" content=\"https:\/\/fondationprimat.org\/en\/concert-de-la-pianiste-karen-kuronuma-a-la-fondation-opale-le-7-septembre\/\" \/>\n<meta property=\"og:site_name\" content=\"Fondation Primat\" \/>\n<meta property=\"article:published_time\" content=\"2024-08-05T12:15:20+00:00\" \/>\n<meta property=\"og:image\" content=\"https:\/\/fondationprimat.org\/wp-content\/uploads\/2024\/08\/Fondation-opale.jpg\" \/>\n\t<meta property=\"og:image:width\" content=\"1378\" \/>\n\t<meta property=\"og:image:height\" content=\"784\" \/>\n\t<meta property=\"og:image:type\" content=\"image\/jpeg\" \/>\n<meta name=\"author\" content=\"Ga\u00ebl Lugaz\" \/>\n<meta name=\"twitter:card\" content=\"summary_large_image\" \/>\n<meta name=\"twitter:label1\" content=\"Written by\" \/>\n\t<meta name=\"twitter:data1\" content=\"Ga\u00ebl Lugaz\" \/>\n<script type=\"application\/ld+json\" class=\"yoast-schema-graph\">{\"@context\":\"https:\\\/\\\/schema.org\",\"@graph\":[{\"@type\":\"Article\",\"@id\":\"https:\\\/\\\/fondationprimat.org\\\/en\\\/concert-de-la-pianiste-karen-kuronuma-a-la-fondation-opale-le-7-septembre\\\/#article\",\"isPartOf\":{\"@id\":\"https:\\\/\\\/fondationprimat.org\\\/en\\\/concert-de-la-pianiste-karen-kuronuma-a-la-fondation-opale-le-7-septembre\\\/\"},\"author\":{\"name\":\"Ga\u00ebl Lugaz\",\"@id\":\"https:\\\/\\\/fondationprimat.org\\\/#\\\/schema\\\/person\\\/ec184bf89fb6c267cc11ca6e54ab6e5b\"},\"headline\":\"Concert de la pianiste Karen Kuronuma \u00e0 la Fondation Opale le 7 septembre\",\"datePublished\":\"2024-08-05T12:15:20+00:00\",\"mainEntityOfPage\":{\"@id\":\"https:\\\/\\\/fondationprimat.org\\\/en\\\/concert-de-la-pianiste-karen-kuronuma-a-la-fondation-opale-le-7-septembre\\\/\"},\"wordCount\":197,\"publisher\":{\"@id\":\"https:\\\/\\\/fondationprimat.org\\\/#organization\"},\"image\":{\"@id\":\"https:\\\/\\\/fondationprimat.org\\\/en\\\/concert-de-la-pianiste-karen-kuronuma-a-la-fondation-opale-le-7-septembre\\\/#primaryimage\"},\"thumbnailUrl\":\"https:\\\/\\\/fondationprimat.org\\\/wp-content\\\/uploads\\\/2024\\\/08\\\/Fondation-opale.jpg\",\"inLanguage\":\"en-US\"},{\"@type\":\"WebPage\",\"@id\":\"https:\\\/\\\/fondationprimat.org\\\/en\\\/concert-de-la-pianiste-karen-kuronuma-a-la-fondation-opale-le-7-septembre\\\/\",\"url\":\"https:\\\/\\\/fondationprimat.org\\\/en\\\/concert-de-la-pianiste-karen-kuronuma-a-la-fondation-opale-le-7-septembre\\\/\",\"name\":\"Concert de la pianiste Karen Kuronuma \u00e0 la Fondation Opale le 7 septembre &#8211; Fondation Primat\",\"isPartOf\":{\"@id\":\"https:\\\/\\\/fondationprimat.org\\\/#website\"},\"primaryImageOfPage\":{\"@id\":\"https:\\\/\\\/fondationprimat.org\\\/en\\\/concert-de-la-pianiste-karen-kuronuma-a-la-fondation-opale-le-7-septembre\\\/#primaryimage\"},\"image\":{\"@id\":\"https:\\\/\\\/fondationprimat.org\\\/en\\\/concert-de-la-pianiste-karen-kuronuma-a-la-fondation-opale-le-7-septembre\\\/#primaryimage\"},\"thumbnailUrl\":\"https:\\\/\\\/fondationprimat.org\\\/wp-content\\\/uploads\\\/2024\\\/08\\\/Fondation-opale.jpg\",\"datePublished\":\"2024-08-05T12:15:20+00:00\",\"breadcrumb\":{\"@id\":\"https:\\\/\\\/fondationprimat.org\\\/en\\\/concert-de-la-pianiste-karen-kuronuma-a-la-fondation-opale-le-7-septembre\\\/#breadcrumb\"},\"inLanguage\":\"en-US\",\"potentialAction\":[{\"@type\":\"ReadAction\",\"target\":[\"https:\\\/\\\/fondationprimat.org\\\/en\\\/concert-de-la-pianiste-karen-kuronuma-a-la-fondation-opale-le-7-septembre\\\/\"]}]},{\"@type\":\"ImageObject\",\"inLanguage\":\"en-US\",\"@id\":\"https:\\\/\\\/fondationprimat.org\\\/en\\\/concert-de-la-pianiste-karen-kuronuma-a-la-fondation-opale-le-7-septembre\\\/#primaryimage\",\"url\":\"https:\\\/\\\/fondationprimat.org\\\/wp-content\\\/uploads\\\/2024\\\/08\\\/Fondation-opale.jpg\",\"contentUrl\":\"https:\\\/\\\/fondationprimat.org\\\/wp-content\\\/uploads\\\/2024\\\/08\\\/Fondation-opale.jpg\",\"width\":1378,\"height\":784},{\"@type\":\"BreadcrumbList\",\"@id\":\"https:\\\/\\\/fondationprimat.org\\\/en\\\/concert-de-la-pianiste-karen-kuronuma-a-la-fondation-opale-le-7-septembre\\\/#breadcrumb\",\"itemListElement\":[{\"@type\":\"ListItem\",\"position\":1,\"name\":\"Home\",\"item\":\"https:\\\/\\\/fondationprimat.org\\\/en\\\/\"},{\"@type\":\"ListItem\",\"position\":2,\"name\":\"Concert de la pianiste Karen Kuronuma \u00e0 la Fondation Opale le 7 septembre\"}]},{\"@type\":\"WebSite\",\"@id\":\"https:\\\/\\\/fondationprimat.org\\\/#website\",\"url\":\"https:\\\/\\\/fondationprimat.org\\\/\",\"name\":\"Fondation Didier et Martine Primat\",\"description\":\"\",\"publisher\":{\"@id\":\"https:\\\/\\\/fondationprimat.org\\\/#organization\"},\"alternateName\":\"Fondation Primat\",\"potentialAction\":[{\"@type\":\"SearchAction\",\"target\":{\"@type\":\"EntryPoint\",\"urlTemplate\":\"https:\\\/\\\/fondationprimat.org\\\/?s={search_term_string}\"},\"query-input\":{\"@type\":\"PropertyValueSpecification\",\"valueRequired\":true,\"valueName\":\"search_term_string\"}}],\"inLanguage\":\"en-US\"},{\"@type\":\"Organization\",\"@id\":\"https:\\\/\\\/fondationprimat.org\\\/#organization\",\"name\":\"Fondation Didier et Martine Primat\",\"url\":\"https:\\\/\\\/fondationprimat.org\\\/\",\"logo\":{\"@type\":\"ImageObject\",\"inLanguage\":\"en-US\",\"@id\":\"https:\\\/\\\/fondationprimat.org\\\/#\\\/schema\\\/logo\\\/image\\\/\",\"url\":\"https:\\\/\\\/fondationprimat.org\\\/wp-content\\\/uploads\\\/2026\\\/09\\\/Logo-Fondation-Primat.png.webp\",\"contentUrl\":\"https:\\\/\\\/fondationprimat.org\\\/wp-content\\\/uploads\\\/2026\\\/09\\\/Logo-Fondation-Primat.png.webp\",\"width\":768,\"height\":742,\"caption\":\"Fondation Didier et Martine Primat\"},\"image\":{\"@id\":\"https:\\\/\\\/fondationprimat.org\\\/#\\\/schema\\\/logo\\\/image\\\/\"}},{\"@type\":\"Person\",\"@id\":\"https:\\\/\\\/fondationprimat.org\\\/#\\\/schema\\\/person\\\/ec184bf89fb6c267cc11ca6e54ab6e5b\",\"name\":\"Ga\u00ebl Lugaz\",\"image\":{\"@type\":\"ImageObject\",\"inLanguage\":\"en-US\",\"@id\":\"https:\\\/\\\/secure.gravatar.com\\\/avatar\\\/ef21b12be65ef847d06267bb1807ba80e502590c8282fd0298a08a7278d44861?s=96&d=mm&r=g\",\"url\":\"https:\\\/\\\/secure.gravatar.com\\\/avatar\\\/ef21b12be65ef847d06267bb1807ba80e502590c8282fd0298a08a7278d44861?s=96&d=mm&r=g\",\"contentUrl\":\"https:\\\/\\\/secure.gravatar.com\\\/avatar\\\/ef21b12be65ef847d06267bb1807ba80e502590c8282fd0298a08a7278d44861?s=96&d=mm&r=g\",\"caption\":\"Ga\u00ebl Lugaz\"}}]}<\/script>\n<!-- \/ Yoast SEO plugin. -->","yoast_head_json":{"title":"Concert de la pianiste Karen Kuronuma \u00e0 la Fondation Opale le 7 septembre &#8211; Fondation Primat","robots":{"index":"index","follow":"follow","max-snippet":"max-snippet:-1","max-image-preview":"max-image-preview:large","max-video-preview":"max-video-preview:-1"},"canonical":"https:\/\/fondationprimat.org\/en\/concert-de-la-pianiste-karen-kuronuma-a-la-fondation-opale-le-7-septembre\/","og_locale":"en_US","og_type":"article","og_title":"Concert de la pianiste Karen Kuronuma \u00e0 la Fondation Opale le 7 septembre &#8211; Fondation Primat","og_description":"La talentueuse pianiste japonaise Karen Kuronuma se produira en concert \u00e0 la Fondation Opale ; une performance exceptionnelle \u00e0 ne pas manquer le 7 septembre prochain. N\u00e9e \u00e0 Tokyo en 1998, Karen Kuronuma obtient son dipl\u00f4me de piano \u00e0 l\u2019universit\u00e9 des Arts de Tokyo sous la direction de Chiharu Sakai et Koji Shimoda. Elle \u00e9tudie [&hellip;]","og_url":"https:\/\/fondationprimat.org\/en\/concert-de-la-pianiste-karen-kuronuma-a-la-fondation-opale-le-7-septembre\/","og_site_name":"Fondation Primat","article_published_time":"2024-08-05T12:15:20+00:00","og_image":[{"width":1378,"height":784,"url":"https:\/\/fondationprimat.org\/wp-content\/uploads\/2024\/08\/Fondation-opale.jpg","type":"image\/jpeg"}],"author":"Ga\u00ebl Lugaz","twitter_card":"summary_large_image","twitter_misc":{"Written by":"Ga\u00ebl Lugaz"},"schema":{"@context":"https:\/\/schema.org","@graph":[{"@type":"Article","@id":"https:\/\/fondationprimat.org\/en\/concert-de-la-pianiste-karen-kuronuma-a-la-fondation-opale-le-7-septembre\/#article","isPartOf":{"@id":"https:\/\/fondationprimat.org\/en\/concert-de-la-pianiste-karen-kuronuma-a-la-fondation-opale-le-7-septembre\/"},"author":{"name":"Ga\u00ebl Lugaz","@id":"https:\/\/fondationprimat.org\/#\/schema\/person\/ec184bf89fb6c267cc11ca6e54ab6e5b"},"headline":"Concert de la pianiste Karen Kuronuma \u00e0 la Fondation Opale le 7 septembre","datePublished":"2024-08-05T12:15:20+00:00","mainEntityOfPage":{"@id":"https:\/\/fondationprimat.org\/en\/concert-de-la-pianiste-karen-kuronuma-a-la-fondation-opale-le-7-septembre\/"},"wordCount":197,"publisher":{"@id":"https:\/\/fondationprimat.org\/#organization"},"image":{"@id":"https:\/\/fondationprimat.org\/en\/concert-de-la-pianiste-karen-kuronuma-a-la-fondation-opale-le-7-septembre\/#primaryimage"},"thumbnailUrl":"https:\/\/fondationprimat.org\/wp-content\/uploads\/2024\/08\/Fondation-opale.jpg","inLanguage":"en-US"},{"@type":"WebPage","@id":"https:\/\/fondationprimat.org\/en\/concert-de-la-pianiste-karen-kuronuma-a-la-fondation-opale-le-7-septembre\/","url":"https:\/\/fondationprimat.org\/en\/concert-de-la-pianiste-karen-kuronuma-a-la-fondation-opale-le-7-septembre\/","name":"Concert de la pianiste Karen Kuronuma \u00e0 la Fondation Opale le 7 septembre &#8211; Fondation Primat","isPartOf":{"@id":"https:\/\/fondationprimat.org\/#website"},"primaryImageOfPage":{"@id":"https:\/\/fondationprimat.org\/en\/concert-de-la-pianiste-karen-kuronuma-a-la-fondation-opale-le-7-septembre\/#primaryimage"},"image":{"@id":"https:\/\/fondationprimat.org\/en\/concert-de-la-pianiste-karen-kuronuma-a-la-fondation-opale-le-7-septembre\/#primaryimage"},"thumbnailUrl":"https:\/\/fondationprimat.org\/wp-content\/uploads\/2024\/08\/Fondation-opale.jpg","datePublished":"2024-08-05T12:15:20+00:00","breadcrumb":{"@id":"https:\/\/fondationprimat.org\/en\/concert-de-la-pianiste-karen-kuronuma-a-la-fondation-opale-le-7-septembre\/#breadcrumb"},"inLanguage":"en-US","potentialAction":[{"@type":"ReadAction","target":["https:\/\/fondationprimat.org\/en\/concert-de-la-pianiste-karen-kuronuma-a-la-fondation-opale-le-7-septembre\/"]}]},{"@type":"ImageObject","inLanguage":"en-US","@id":"https:\/\/fondationprimat.org\/en\/concert-de-la-pianiste-karen-kuronuma-a-la-fondation-opale-le-7-septembre\/#primaryimage","url":"https:\/\/fondationprimat.org\/wp-content\/uploads\/2024\/08\/Fondation-opale.jpg","contentUrl":"https:\/\/fondationprimat.org\/wp-content\/uploads\/2024\/08\/Fondation-opale.jpg","width":1378,"height":784},{"@type":"BreadcrumbList","@id":"https:\/\/fondationprimat.org\/en\/concert-de-la-pianiste-karen-kuronuma-a-la-fondation-opale-le-7-septembre\/#breadcrumb","itemListElement":[{"@type":"ListItem","position":1,"name":"Home","item":"https:\/\/fondationprimat.org\/en\/"},{"@type":"ListItem","position":2,"name":"Concert de la pianiste Karen Kuronuma \u00e0 la Fondation Opale le 7 septembre"}]},{"@type":"WebSite","@id":"https:\/\/fondationprimat.org\/#website","url":"https:\/\/fondationprimat.org\/","name":"Fondation Didier et Martine Primat","description":"","publisher":{"@id":"https:\/\/fondationprimat.org\/#organization"},"alternateName":"Fondation Primat","potentialAction":[{"@type":"SearchAction","target":{"@type":"EntryPoint","urlTemplate":"https:\/\/fondationprimat.org\/?s={search_term_string}"},"query-input":{"@type":"PropertyValueSpecification","valueRequired":true,"valueName":"search_term_string"}}],"inLanguage":"en-US"},{"@type":"Organization","@id":"https:\/\/fondationprimat.org\/#organization","name":"Fondation Didier et Martine Primat","url":"https:\/\/fondationprimat.org\/","logo":{"@type":"ImageObject","inLanguage":"en-US","@id":"https:\/\/fondationprimat.org\/#\/schema\/logo\/image\/","url":"https:\/\/fondationprimat.org\/wp-content\/uploads\/2026\/09\/Logo-Fondation-Primat.png.webp","contentUrl":"https:\/\/fondationprimat.org\/wp-content\/uploads\/2026\/09\/Logo-Fondation-Primat.png.webp","width":768,"height":742,"caption":"Fondation Didier et Martine Primat"},"image":{"@id":"https:\/\/fondationprimat.org\/#\/schema\/logo\/image\/"}},{"@type":"Person","@id":"https:\/\/fondationprimat.org\/#\/schema\/person\/ec184bf89fb6c267cc11ca6e54ab6e5b","name":"Ga\u00ebl Lugaz","image":{"@type":"ImageObject","inLanguage":"en-US","@id":"https:\/\/secure.gravatar.com\/avatar\/ef21b12be65ef847d06267bb1807ba80e502590c8282fd0298a08a7278d44861?s=96&d=mm&r=g","url":"https:\/\/secure.gravatar.com\/avatar\/ef21b12be65ef847d06267bb1807ba80e502590c8282fd0298a08a7278d44861?s=96&d=mm&r=g","contentUrl":"https:\/\/secure.gravatar.com\/avatar\/ef21b12be65ef847d06267bb1807ba80e502590c8282fd0298a08a7278d44861?s=96&d=mm&r=g","caption":"Ga\u00ebl Lugaz"}}]}},"_links":{"self":[{"href":"https:\/\/fondationprimat.org\/en\/wp-json\/wp\/v2\/posts\/7209","targetHints":{"allow":["GET"]}}],"collection":[{"href":"https:\/\/fondationprimat.org\/en\/wp-json\/wp\/v2\/posts"}],"about":[{"href":"https:\/\/fondationprimat.org\/en\/wp-json\/wp\/v2\/types\/post"}],"author":[{"embeddable":true,"href":"https:\/\/fondationprimat.org\/en\/wp-json\/wp\/v2\/users\/4"}],"replies":[{"embeddable":true,"href":"https:\/\/fondationprimat.org\/en\/wp-json\/wp\/v2\/comments?post=7209"}],"version-history":[{"count":0,"href":"https:\/\/fondationprimat.org\/en\/wp-json\/wp\/v2\/posts\/7209\/revisions"}],"wp:featuredmedia":[{"embeddable":true,"href":"https:\/\/fondationprimat.org\/en\/wp-json\/wp\/v2\/media\/5923"}],"wp:attachment":[{"href":"https:\/\/fondationprimat.org\/en\/wp-json\/wp\/v2\/media?parent=7209"}],"wp:term":[{"taxonomy":"category","embeddable":true,"href":"https:\/\/fondationprimat.org\/en\/wp-json\/wp\/v2\/categories?post=7209"},{"taxonomy":"post_tag","embeddable":true,"href":"https:\/\/fondationprimat.org\/en\/wp-json\/wp\/v2\/tags?post=7209"}],"curies":[{"name":"wp","href":"https:\/\/api.w.org\/{rel}","templated":true}]}}