{"id":7206,"date":"2026-01-23T15:42:25","date_gmt":"2026-01-23T14:42:25","guid":{"rendered":"https:\/\/2026.fondationprimat.org\/tragedie-de-crans-montana-des-ressources-fiables-pour-prendre-soin-de-soi-et-des-autres-dans-la-duree\/"},"modified":"2026-01-23T15:42:25","modified_gmt":"2026-01-23T14:42:25","slug":"tragedie-de-crans-montana-des-ressources-fiables-pour-prendre-soin-de-soi-et-des-autres-dans-la-duree","status":"publish","type":"post","link":"https:\/\/fondationprimat.org\/en\/tragedie-de-crans-montana-des-ressources-fiables-pour-prendre-soin-de-soi-et-des-autres-dans-la-duree\/","title":{"rendered":"Trag\u00e9die de Crans-Montana &#8211; Des ressources fiables pour prendre soin de soi et des autres dans la dur\u00e9e"},"content":{"rendered":"<p>Apr\u00e8s le drame de Crans-Montana, nous pensons aux victimes, \u00e0 leurs proches et \u00e0 toute une communaut\u00e9 qui traverse l&#8217;impensable.<br \/>\nLa solidarit\u00e9 s&#8217;inscrit dans le temps : ce carrousel rassemble des ressources fiables pour accompagner les jours, les semaines et les mois \u00e0 venir.<\/p>\n<ul>\n<li>Don Fondation CHUV : <a href=\"https:\/\/donate.raisenow.io\/vdtjm?lng=fr\" target=\"_blank\" rel=\"noopener\">par ici<\/a>.<\/li>\n<li>Collecte officielle de l&#8217;\u00c9tat du Valais : <a href=\"https:\/\/www.vs.ch\/web\/communication\/e\/com-et-media\/10108\/44626217\" target=\"_blank\" rel=\"noopener\">par ici<\/a>.<\/li>\n<li>Dons du sang : <a href=\"https:\/\/www.blutspende.ch\/fr\/don-de-sang\" target=\"_blank\" rel=\"noopener\">par ici<\/a>.<\/li>\n<li>143 &#8211; La Main Tendue : <a href=\"https:\/\/www.143.ch\/fr\/\" target=\"_blank\" rel=\"noopener\">par ici<\/a>.<\/li>\n<li>147 &#8211; Pro Juventute : <a href=\"https:\/\/www.147.ch\/fr\/\" target=\"_blank\" rel=\"noopener\">par ici<\/a>.<\/li>\n<li>ciao.ch : <a href=\"https:\/\/www.ciao.ch\/\" target=\"_blank\" rel=\"noopener\">par ici<\/a>.<\/li>\n<li>ontecoute.ch : <a href=\"https:\/\/www.ontecoute.ch\/\" target=\"_blank\" rel=\"noopener\">par ici<\/a>.<\/li>\n<li>Association Flavie : <a href=\"https:\/\/flavie.ch\/\" target=\"_blank\" rel=\"noopener\">par ici<\/a>.<\/li>\n<li>Association Burns &amp; Smiles (France) : <a href=\"https:\/\/www.burns-and-smiles.org\/\" target=\"_blank\" rel=\"noopener\">par ici<\/a>.<\/li>\n<\/ul>\n<p><img fetchpriority=\"high\" decoding=\"async\" class=\"alignnone size-full wp-image-6037\" src=\"https:\/\/fondationprimat.org\/wp-content\/uploads\/2026\/01\/2.png\" alt=\"\" width=\"1200\" height=\"1200\" srcset=\"https:\/\/fondationprimat.org\/wp-content\/uploads\/2026\/01\/2.png 1200w, https:\/\/fondationprimat.org\/wp-content\/uploads\/2026\/01\/2-300x300.png 300w, https:\/\/fondationprimat.org\/wp-content\/uploads\/2026\/01\/2-1080x1080.png 1080w, https:\/\/fondationprimat.org\/wp-content\/uploads\/2026\/01\/2-150x150.png 150w, https:\/\/fondationprimat.org\/wp-content\/uploads\/2026\/01\/2-768x768.png 768w, https:\/\/fondationprimat.org\/wp-content\/uploads\/2026\/01\/2-650x650.png 650w, https:\/\/fondationprimat.org\/wp-content\/uploads\/2026\/01\/2-350x350.png 350w, https:\/\/fondationprimat.org\/wp-content\/uploads\/2026\/01\/2-100x100.png 100w\" sizes=\"(max-width: 1200px) 100vw, 1200px\" \/><img decoding=\"async\" class=\"alignnone size-full wp-image-6039\" src=\"https:\/\/fondationprimat.org\/wp-content\/uploads\/2026\/01\/3.png\" alt=\"\" width=\"1200\" height=\"1200\" srcset=\"https:\/\/fondationprimat.org\/wp-content\/uploads\/2026\/01\/3.png 1200w, https:\/\/fondationprimat.org\/wp-content\/uploads\/2026\/01\/3-300x300.png 300w, https:\/\/fondationprimat.org\/wp-content\/uploads\/2026\/01\/3-1080x1080.png 1080w, https:\/\/fondationprimat.org\/wp-content\/uploads\/2026\/01\/3-150x150.png 150w, https:\/\/fondationprimat.org\/wp-content\/uploads\/2026\/01\/3-768x768.png 768w, https:\/\/fondationprimat.org\/wp-content\/uploads\/2026\/01\/3-650x650.png 650w, https:\/\/fondationprimat.org\/wp-content\/uploads\/2026\/01\/3-350x350.png 350w, https:\/\/fondationprimat.org\/wp-content\/uploads\/2026\/01\/3-100x100.png 100w\" sizes=\"(max-width: 1200px) 100vw, 1200px\" \/><img decoding=\"async\" class=\"alignnone size-full wp-image-6041\" src=\"https:\/\/fondationprimat.org\/wp-content\/uploads\/2026\/01\/4.png\" alt=\"\" width=\"1200\" height=\"1200\" srcset=\"https:\/\/fondationprimat.org\/wp-content\/uploads\/2026\/01\/4.png 1200w, https:\/\/fondationprimat.org\/wp-content\/uploads\/2026\/01\/4-300x300.png 300w, https:\/\/fondationprimat.org\/wp-content\/uploads\/2026\/01\/4-1080x1080.png 1080w, https:\/\/fondationprimat.org\/wp-content\/uploads\/2026\/01\/4-150x150.png 150w, https:\/\/fondationprimat.org\/wp-content\/uploads\/2026\/01\/4-768x768.png 768w, https:\/\/fondationprimat.org\/wp-content\/uploads\/2026\/01\/4-650x650.png 650w, https:\/\/fondationprimat.org\/wp-content\/uploads\/2026\/01\/4-350x350.png 350w, https:\/\/fondationprimat.org\/wp-content\/uploads\/2026\/01\/4-100x100.png 100w\" sizes=\"(max-width: 1200px) 100vw, 1200px\" \/><img loading=\"lazy\" decoding=\"async\" class=\"alignnone size-full wp-image-6043\" src=\"https:\/\/fondationprimat.org\/wp-content\/uploads\/2026\/01\/5.png\" alt=\"\" width=\"1200\" height=\"1200\" srcset=\"https:\/\/fondationprimat.org\/wp-content\/uploads\/2026\/01\/5.png 1200w, https:\/\/fondationprimat.org\/wp-content\/uploads\/2026\/01\/5-300x300.png 300w, https:\/\/fondationprimat.org\/wp-content\/uploads\/2026\/01\/5-1080x1080.png 1080w, https:\/\/fondationprimat.org\/wp-content\/uploads\/2026\/01\/5-150x150.png 150w, https:\/\/fondationprimat.org\/wp-content\/uploads\/2026\/01\/5-768x768.png 768w, https:\/\/fondationprimat.org\/wp-content\/uploads\/2026\/01\/5-650x650.png 650w, https:\/\/fondationprimat.org\/wp-content\/uploads\/2026\/01\/5-350x350.png 350w, https:\/\/fondationprimat.org\/wp-content\/uploads\/2026\/01\/5-100x100.png 100w\" sizes=\"(max-width: 1200px) 100vw, 1200px\" \/><img loading=\"lazy\" decoding=\"async\" class=\"alignnone size-full wp-image-6045\" src=\"https:\/\/fondationprimat.org\/wp-content\/uploads\/2026\/01\/6.png\" alt=\"\" width=\"1200\" height=\"1200\" srcset=\"https:\/\/fondationprimat.org\/wp-content\/uploads\/2026\/01\/6.png 1200w, https:\/\/fondationprimat.org\/wp-content\/uploads\/2026\/01\/6-300x300.png 300w, https:\/\/fondationprimat.org\/wp-content\/uploads\/2026\/01\/6-1080x1080.png 1080w, https:\/\/fondationprimat.org\/wp-content\/uploads\/2026\/01\/6-150x150.png 150w, https:\/\/fondationprimat.org\/wp-content\/uploads\/2026\/01\/6-768x768.png 768w, https:\/\/fondationprimat.org\/wp-content\/uploads\/2026\/01\/6-650x650.png 650w, https:\/\/fondationprimat.org\/wp-content\/uploads\/2026\/01\/6-350x350.png 350w, https:\/\/fondationprimat.org\/wp-content\/uploads\/2026\/01\/6-100x100.png 100w\" sizes=\"(max-width: 1200px) 100vw, 1200px\" \/><img loading=\"lazy\" decoding=\"async\" class=\"alignnone size-full wp-image-6047\" src=\"https:\/\/fondationprimat.org\/wp-content\/uploads\/2026\/01\/7.png\" alt=\"\" width=\"1200\" height=\"1200\" srcset=\"https:\/\/fondationprimat.org\/wp-content\/uploads\/2026\/01\/7.png 1200w, https:\/\/fondationprimat.org\/wp-content\/uploads\/2026\/01\/7-300x300.png 300w, https:\/\/fondationprimat.org\/wp-content\/uploads\/2026\/01\/7-1080x1080.png 1080w, https:\/\/fondationprimat.org\/wp-content\/uploads\/2026\/01\/7-150x150.png 150w, https:\/\/fondationprimat.org\/wp-content\/uploads\/2026\/01\/7-768x768.png 768w, https:\/\/fondationprimat.org\/wp-content\/uploads\/2026\/01\/7-650x650.png 650w, https:\/\/fondationprimat.org\/wp-content\/uploads\/2026\/01\/7-350x350.png 350w, https:\/\/fondationprimat.org\/wp-content\/uploads\/2026\/01\/7-100x100.png 100w\" sizes=\"(max-width: 1200px) 100vw, 1200px\" \/><\/p>\n","protected":false},"excerpt":{"rendered":"<p>Apr\u00e8s le drame de Crans-Montana, nous pensons aux victimes, \u00e0 leurs proches et \u00e0 toute une communaut\u00e9 qui traverse l&#8217;impensable. La solidarit\u00e9 s&#8217;inscrit dans le temps : ce carrousel rassemble des ressources fiables pour accompagner les jours, les semaines et les mois \u00e0 venir. Don Fondation CHUV : par ici. Collecte officielle de l&#8217;\u00c9tat du [&hellip;]<\/p>\n","protected":false},"author":4,"featured_media":6036,"comment_status":"closed","ping_status":"closed","sticky":false,"template":"","format":"standard","meta":{"_acf_changed":false,"footnotes":""},"categories":[2],"tags":[],"class_list":["post-7206","post","type-post","status-publish","format-standard","has-post-thumbnail","hentry","category-uncategorized"],"acf":[],"yoast_head":"<!-- This site is optimized with the Yoast SEO plugin v28.3 - https:\/\/yoast.com\/product\/yoast-seo-wordpress\/ -->\n<title>Trag\u00e9die de Crans-Montana - Des ressources fiables pour prendre soin de soi et des autres dans la dur\u00e9e &#8211; Fondation Primat<\/title>\n<meta name=\"robots\" content=\"index, follow, max-snippet:-1, max-image-preview:large, max-video-preview:-1\" \/>\n<link rel=\"canonical\" href=\"https:\/\/fondationprimat.org\/en\/tragedie-de-crans-montana-des-ressources-fiables-pour-prendre-soin-de-soi-et-des-autres-dans-la-duree\/\" \/>\n<meta property=\"og:locale\" content=\"en_US\" \/>\n<meta property=\"og:type\" content=\"article\" \/>\n<meta property=\"og:title\" content=\"Trag\u00e9die de Crans-Montana - Des ressources fiables pour prendre soin de soi et des autres dans la dur\u00e9e &#8211; Fondation Primat\" \/>\n<meta property=\"og:description\" content=\"Apr\u00e8s le drame de Crans-Montana, nous pensons aux victimes, \u00e0 leurs proches et \u00e0 toute une communaut\u00e9 qui traverse l&#8217;impensable. La solidarit\u00e9 s&#8217;inscrit dans le temps : ce carrousel rassemble des ressources fiables pour accompagner les jours, les semaines et les mois \u00e0 venir. Don Fondation CHUV : par ici. Collecte officielle de l&#8217;\u00c9tat du [&hellip;]\" \/>\n<meta property=\"og:url\" content=\"https:\/\/fondationprimat.org\/en\/tragedie-de-crans-montana-des-ressources-fiables-pour-prendre-soin-de-soi-et-des-autres-dans-la-duree\/\" \/>\n<meta property=\"og:site_name\" content=\"Fondation Primat\" \/>\n<meta property=\"article:published_time\" content=\"2026-01-23T14:42:25+00:00\" \/>\n<meta property=\"og:image\" content=\"https:\/\/fondationprimat.org\/wp-content\/uploads\/2026\/01\/1.png\" \/>\n\t<meta property=\"og:image:width\" content=\"1200\" \/>\n\t<meta property=\"og:image:height\" content=\"1200\" \/>\n\t<meta property=\"og:image:type\" content=\"image\/png\" \/>\n<meta name=\"author\" content=\"Ga\u00ebl Lugaz\" \/>\n<meta name=\"twitter:card\" content=\"summary_large_image\" \/>\n<meta name=\"twitter:label1\" content=\"Written by\" \/>\n\t<meta name=\"twitter:data1\" content=\"Ga\u00ebl Lugaz\" \/>\n<script type=\"application\/ld+json\" class=\"yoast-schema-graph\">{\"@context\":\"https:\\\/\\\/schema.org\",\"@graph\":[{\"@type\":\"Article\",\"@id\":\"https:\\\/\\\/fondationprimat.org\\\/en\\\/tragedie-de-crans-montana-des-ressources-fiables-pour-prendre-soin-de-soi-et-des-autres-dans-la-duree\\\/#article\",\"isPartOf\":{\"@id\":\"https:\\\/\\\/fondationprimat.org\\\/en\\\/tragedie-de-crans-montana-des-ressources-fiables-pour-prendre-soin-de-soi-et-des-autres-dans-la-duree\\\/\"},\"author\":{\"name\":\"Ga\u00ebl Lugaz\",\"@id\":\"https:\\\/\\\/fondationprimat.org\\\/#\\\/schema\\\/person\\\/ec184bf89fb6c267cc11ca6e54ab6e5b\"},\"headline\":\"Trag\u00e9die de Crans-Montana &#8211; Des ressources fiables pour prendre soin de soi et des autres dans la dur\u00e9e\",\"datePublished\":\"2026-01-23T14:42:25+00:00\",\"mainEntityOfPage\":{\"@id\":\"https:\\\/\\\/fondationprimat.org\\\/en\\\/tragedie-de-crans-montana-des-ressources-fiables-pour-prendre-soin-de-soi-et-des-autres-dans-la-duree\\\/\"},\"wordCount\":112,\"publisher\":{\"@id\":\"https:\\\/\\\/fondationprimat.org\\\/#organization\"},\"image\":{\"@id\":\"https:\\\/\\\/fondationprimat.org\\\/en\\\/tragedie-de-crans-montana-des-ressources-fiables-pour-prendre-soin-de-soi-et-des-autres-dans-la-duree\\\/#primaryimage\"},\"thumbnailUrl\":\"https:\\\/\\\/fondationprimat.org\\\/wp-content\\\/uploads\\\/2026\\\/01\\\/1.png\",\"inLanguage\":\"en-US\"},{\"@type\":\"WebPage\",\"@id\":\"https:\\\/\\\/fondationprimat.org\\\/en\\\/tragedie-de-crans-montana-des-ressources-fiables-pour-prendre-soin-de-soi-et-des-autres-dans-la-duree\\\/\",\"url\":\"https:\\\/\\\/fondationprimat.org\\\/en\\\/tragedie-de-crans-montana-des-ressources-fiables-pour-prendre-soin-de-soi-et-des-autres-dans-la-duree\\\/\",\"name\":\"Trag\u00e9die de Crans-Montana - Des ressources fiables pour prendre soin de soi et des autres dans la dur\u00e9e &#8211; Fondation Primat\",\"isPartOf\":{\"@id\":\"https:\\\/\\\/fondationprimat.org\\\/#website\"},\"primaryImageOfPage\":{\"@id\":\"https:\\\/\\\/fondationprimat.org\\\/en\\\/tragedie-de-crans-montana-des-ressources-fiables-pour-prendre-soin-de-soi-et-des-autres-dans-la-duree\\\/#primaryimage\"},\"image\":{\"@id\":\"https:\\\/\\\/fondationprimat.org\\\/en\\\/tragedie-de-crans-montana-des-ressources-fiables-pour-prendre-soin-de-soi-et-des-autres-dans-la-duree\\\/#primaryimage\"},\"thumbnailUrl\":\"https:\\\/\\\/fondationprimat.org\\\/wp-content\\\/uploads\\\/2026\\\/01\\\/1.png\",\"datePublished\":\"2026-01-23T14:42:25+00:00\",\"breadcrumb\":{\"@id\":\"https:\\\/\\\/fondationprimat.org\\\/en\\\/tragedie-de-crans-montana-des-ressources-fiables-pour-prendre-soin-de-soi-et-des-autres-dans-la-duree\\\/#breadcrumb\"},\"inLanguage\":\"en-US\",\"potentialAction\":[{\"@type\":\"ReadAction\",\"target\":[\"https:\\\/\\\/fondationprimat.org\\\/en\\\/tragedie-de-crans-montana-des-ressources-fiables-pour-prendre-soin-de-soi-et-des-autres-dans-la-duree\\\/\"]}]},{\"@type\":\"ImageObject\",\"inLanguage\":\"en-US\",\"@id\":\"https:\\\/\\\/fondationprimat.org\\\/en\\\/tragedie-de-crans-montana-des-ressources-fiables-pour-prendre-soin-de-soi-et-des-autres-dans-la-duree\\\/#primaryimage\",\"url\":\"https:\\\/\\\/fondationprimat.org\\\/wp-content\\\/uploads\\\/2026\\\/01\\\/1.png\",\"contentUrl\":\"https:\\\/\\\/fondationprimat.org\\\/wp-content\\\/uploads\\\/2026\\\/01\\\/1.png\",\"width\":1200,\"height\":1200},{\"@type\":\"BreadcrumbList\",\"@id\":\"https:\\\/\\\/fondationprimat.org\\\/en\\\/tragedie-de-crans-montana-des-ressources-fiables-pour-prendre-soin-de-soi-et-des-autres-dans-la-duree\\\/#breadcrumb\",\"itemListElement\":[{\"@type\":\"ListItem\",\"position\":1,\"name\":\"Home\",\"item\":\"https:\\\/\\\/fondationprimat.org\\\/en\\\/\"},{\"@type\":\"ListItem\",\"position\":2,\"name\":\"Trag\u00e9die de Crans-Montana &#8211; Des ressources fiables pour prendre soin de soi et des autres dans la dur\u00e9e\"}]},{\"@type\":\"WebSite\",\"@id\":\"https:\\\/\\\/fondationprimat.org\\\/#website\",\"url\":\"https:\\\/\\\/fondationprimat.org\\\/\",\"name\":\"Fondation Didier et Martine Primat\",\"description\":\"\",\"publisher\":{\"@id\":\"https:\\\/\\\/fondationprimat.org\\\/#organization\"},\"alternateName\":\"Fondation Primat\",\"potentialAction\":[{\"@type\":\"SearchAction\",\"target\":{\"@type\":\"EntryPoint\",\"urlTemplate\":\"https:\\\/\\\/fondationprimat.org\\\/?s={search_term_string}\"},\"query-input\":{\"@type\":\"PropertyValueSpecification\",\"valueRequired\":true,\"valueName\":\"search_term_string\"}}],\"inLanguage\":\"en-US\"},{\"@type\":\"Organization\",\"@id\":\"https:\\\/\\\/fondationprimat.org\\\/#organization\",\"name\":\"Fondation Didier et Martine Primat\",\"url\":\"https:\\\/\\\/fondationprimat.org\\\/\",\"logo\":{\"@type\":\"ImageObject\",\"inLanguage\":\"en-US\",\"@id\":\"https:\\\/\\\/fondationprimat.org\\\/#\\\/schema\\\/logo\\\/image\\\/\",\"url\":\"https:\\\/\\\/fondationprimat.org\\\/wp-content\\\/uploads\\\/2026\\\/09\\\/Logo-Fondation-Primat.png.webp\",\"contentUrl\":\"https:\\\/\\\/fondationprimat.org\\\/wp-content\\\/uploads\\\/2026\\\/09\\\/Logo-Fondation-Primat.png.webp\",\"width\":768,\"height\":742,\"caption\":\"Fondation Didier et Martine Primat\"},\"image\":{\"@id\":\"https:\\\/\\\/fondationprimat.org\\\/#\\\/schema\\\/logo\\\/image\\\/\"}},{\"@type\":\"Person\",\"@id\":\"https:\\\/\\\/fondationprimat.org\\\/#\\\/schema\\\/person\\\/ec184bf89fb6c267cc11ca6e54ab6e5b\",\"name\":\"Ga\u00ebl Lugaz\",\"image\":{\"@type\":\"ImageObject\",\"inLanguage\":\"en-US\",\"@id\":\"https:\\\/\\\/secure.gravatar.com\\\/avatar\\\/ef21b12be65ef847d06267bb1807ba80e502590c8282fd0298a08a7278d44861?s=96&d=mm&r=g\",\"url\":\"https:\\\/\\\/secure.gravatar.com\\\/avatar\\\/ef21b12be65ef847d06267bb1807ba80e502590c8282fd0298a08a7278d44861?s=96&d=mm&r=g\",\"contentUrl\":\"https:\\\/\\\/secure.gravatar.com\\\/avatar\\\/ef21b12be65ef847d06267bb1807ba80e502590c8282fd0298a08a7278d44861?s=96&d=mm&r=g\",\"caption\":\"Ga\u00ebl Lugaz\"}}]}<\/script>\n<!-- \/ Yoast SEO plugin. -->","yoast_head_json":{"title":"Trag\u00e9die de Crans-Montana - Des ressources fiables pour prendre soin de soi et des autres dans la dur\u00e9e &#8211; Fondation Primat","robots":{"index":"index","follow":"follow","max-snippet":"max-snippet:-1","max-image-preview":"max-image-preview:large","max-video-preview":"max-video-preview:-1"},"canonical":"https:\/\/fondationprimat.org\/en\/tragedie-de-crans-montana-des-ressources-fiables-pour-prendre-soin-de-soi-et-des-autres-dans-la-duree\/","og_locale":"en_US","og_type":"article","og_title":"Trag\u00e9die de Crans-Montana - Des ressources fiables pour prendre soin de soi et des autres dans la dur\u00e9e &#8211; Fondation Primat","og_description":"Apr\u00e8s le drame de Crans-Montana, nous pensons aux victimes, \u00e0 leurs proches et \u00e0 toute une communaut\u00e9 qui traverse l&#8217;impensable. La solidarit\u00e9 s&#8217;inscrit dans le temps : ce carrousel rassemble des ressources fiables pour accompagner les jours, les semaines et les mois \u00e0 venir. Don Fondation CHUV : par ici. Collecte officielle de l&#8217;\u00c9tat du [&hellip;]","og_url":"https:\/\/fondationprimat.org\/en\/tragedie-de-crans-montana-des-ressources-fiables-pour-prendre-soin-de-soi-et-des-autres-dans-la-duree\/","og_site_name":"Fondation Primat","article_published_time":"2026-01-23T14:42:25+00:00","og_image":[{"width":1200,"height":1200,"url":"https:\/\/fondationprimat.org\/wp-content\/uploads\/2026\/01\/1.png","type":"image\/png"}],"author":"Ga\u00ebl Lugaz","twitter_card":"summary_large_image","twitter_misc":{"Written by":"Ga\u00ebl Lugaz"},"schema":{"@context":"https:\/\/schema.org","@graph":[{"@type":"Article","@id":"https:\/\/fondationprimat.org\/en\/tragedie-de-crans-montana-des-ressources-fiables-pour-prendre-soin-de-soi-et-des-autres-dans-la-duree\/#article","isPartOf":{"@id":"https:\/\/fondationprimat.org\/en\/tragedie-de-crans-montana-des-ressources-fiables-pour-prendre-soin-de-soi-et-des-autres-dans-la-duree\/"},"author":{"name":"Ga\u00ebl Lugaz","@id":"https:\/\/fondationprimat.org\/#\/schema\/person\/ec184bf89fb6c267cc11ca6e54ab6e5b"},"headline":"Trag\u00e9die de Crans-Montana &#8211; Des ressources fiables pour prendre soin de soi et des autres dans la dur\u00e9e","datePublished":"2026-01-23T14:42:25+00:00","mainEntityOfPage":{"@id":"https:\/\/fondationprimat.org\/en\/tragedie-de-crans-montana-des-ressources-fiables-pour-prendre-soin-de-soi-et-des-autres-dans-la-duree\/"},"wordCount":112,"publisher":{"@id":"https:\/\/fondationprimat.org\/#organization"},"image":{"@id":"https:\/\/fondationprimat.org\/en\/tragedie-de-crans-montana-des-ressources-fiables-pour-prendre-soin-de-soi-et-des-autres-dans-la-duree\/#primaryimage"},"thumbnailUrl":"https:\/\/fondationprimat.org\/wp-content\/uploads\/2026\/01\/1.png","inLanguage":"en-US"},{"@type":"WebPage","@id":"https:\/\/fondationprimat.org\/en\/tragedie-de-crans-montana-des-ressources-fiables-pour-prendre-soin-de-soi-et-des-autres-dans-la-duree\/","url":"https:\/\/fondationprimat.org\/en\/tragedie-de-crans-montana-des-ressources-fiables-pour-prendre-soin-de-soi-et-des-autres-dans-la-duree\/","name":"Trag\u00e9die de Crans-Montana - Des ressources fiables pour prendre soin de soi et des autres dans la dur\u00e9e &#8211; Fondation Primat","isPartOf":{"@id":"https:\/\/fondationprimat.org\/#website"},"primaryImageOfPage":{"@id":"https:\/\/fondationprimat.org\/en\/tragedie-de-crans-montana-des-ressources-fiables-pour-prendre-soin-de-soi-et-des-autres-dans-la-duree\/#primaryimage"},"image":{"@id":"https:\/\/fondationprimat.org\/en\/tragedie-de-crans-montana-des-ressources-fiables-pour-prendre-soin-de-soi-et-des-autres-dans-la-duree\/#primaryimage"},"thumbnailUrl":"https:\/\/fondationprimat.org\/wp-content\/uploads\/2026\/01\/1.png","datePublished":"2026-01-23T14:42:25+00:00","breadcrumb":{"@id":"https:\/\/fondationprimat.org\/en\/tragedie-de-crans-montana-des-ressources-fiables-pour-prendre-soin-de-soi-et-des-autres-dans-la-duree\/#breadcrumb"},"inLanguage":"en-US","potentialAction":[{"@type":"ReadAction","target":["https:\/\/fondationprimat.org\/en\/tragedie-de-crans-montana-des-ressources-fiables-pour-prendre-soin-de-soi-et-des-autres-dans-la-duree\/"]}]},{"@type":"ImageObject","inLanguage":"en-US","@id":"https:\/\/fondationprimat.org\/en\/tragedie-de-crans-montana-des-ressources-fiables-pour-prendre-soin-de-soi-et-des-autres-dans-la-duree\/#primaryimage","url":"https:\/\/fondationprimat.org\/wp-content\/uploads\/2026\/01\/1.png","contentUrl":"https:\/\/fondationprimat.org\/wp-content\/uploads\/2026\/01\/1.png","width":1200,"height":1200},{"@type":"BreadcrumbList","@id":"https:\/\/fondationprimat.org\/en\/tragedie-de-crans-montana-des-ressources-fiables-pour-prendre-soin-de-soi-et-des-autres-dans-la-duree\/#breadcrumb","itemListElement":[{"@type":"ListItem","position":1,"name":"Home","item":"https:\/\/fondationprimat.org\/en\/"},{"@type":"ListItem","position":2,"name":"Trag\u00e9die de Crans-Montana &#8211; Des ressources fiables pour prendre soin de soi et des autres dans la dur\u00e9e"}]},{"@type":"WebSite","@id":"https:\/\/fondationprimat.org\/#website","url":"https:\/\/fondationprimat.org\/","name":"Fondation Didier et Martine Primat","description":"","publisher":{"@id":"https:\/\/fondationprimat.org\/#organization"},"alternateName":"Fondation Primat","potentialAction":[{"@type":"SearchAction","target":{"@type":"EntryPoint","urlTemplate":"https:\/\/fondationprimat.org\/?s={search_term_string}"},"query-input":{"@type":"PropertyValueSpecification","valueRequired":true,"valueName":"search_term_string"}}],"inLanguage":"en-US"},{"@type":"Organization","@id":"https:\/\/fondationprimat.org\/#organization","name":"Fondation Didier et Martine Primat","url":"https:\/\/fondationprimat.org\/","logo":{"@type":"ImageObject","inLanguage":"en-US","@id":"https:\/\/fondationprimat.org\/#\/schema\/logo\/image\/","url":"https:\/\/fondationprimat.org\/wp-content\/uploads\/2026\/09\/Logo-Fondation-Primat.png.webp","contentUrl":"https:\/\/fondationprimat.org\/wp-content\/uploads\/2026\/09\/Logo-Fondation-Primat.png.webp","width":768,"height":742,"caption":"Fondation Didier et Martine Primat"},"image":{"@id":"https:\/\/fondationprimat.org\/#\/schema\/logo\/image\/"}},{"@type":"Person","@id":"https:\/\/fondationprimat.org\/#\/schema\/person\/ec184bf89fb6c267cc11ca6e54ab6e5b","name":"Ga\u00ebl Lugaz","image":{"@type":"ImageObject","inLanguage":"en-US","@id":"https:\/\/secure.gravatar.com\/avatar\/ef21b12be65ef847d06267bb1807ba80e502590c8282fd0298a08a7278d44861?s=96&d=mm&r=g","url":"https:\/\/secure.gravatar.com\/avatar\/ef21b12be65ef847d06267bb1807ba80e502590c8282fd0298a08a7278d44861?s=96&d=mm&r=g","contentUrl":"https:\/\/secure.gravatar.com\/avatar\/ef21b12be65ef847d06267bb1807ba80e502590c8282fd0298a08a7278d44861?s=96&d=mm&r=g","caption":"Ga\u00ebl Lugaz"}}]}},"_links":{"self":[{"href":"https:\/\/fondationprimat.org\/en\/wp-json\/wp\/v2\/posts\/7206","targetHints":{"allow":["GET"]}}],"collection":[{"href":"https:\/\/fondationprimat.org\/en\/wp-json\/wp\/v2\/posts"}],"about":[{"href":"https:\/\/fondationprimat.org\/en\/wp-json\/wp\/v2\/types\/post"}],"author":[{"embeddable":true,"href":"https:\/\/fondationprimat.org\/en\/wp-json\/wp\/v2\/users\/4"}],"replies":[{"embeddable":true,"href":"https:\/\/fondationprimat.org\/en\/wp-json\/wp\/v2\/comments?post=7206"}],"version-history":[{"count":0,"href":"https:\/\/fondationprimat.org\/en\/wp-json\/wp\/v2\/posts\/7206\/revisions"}],"wp:featuredmedia":[{"embeddable":true,"href":"https:\/\/fondationprimat.org\/en\/wp-json\/wp\/v2\/media\/6036"}],"wp:attachment":[{"href":"https:\/\/fondationprimat.org\/en\/wp-json\/wp\/v2\/media?parent=7206"}],"wp:term":[{"taxonomy":"category","embeddable":true,"href":"https:\/\/fondationprimat.org\/en\/wp-json\/wp\/v2\/categories?post=7206"},{"taxonomy":"post_tag","embeddable":true,"href":"https:\/\/fondationprimat.org\/en\/wp-json\/wp\/v2\/tags?post=7206"}],"curies":[{"name":"wp","href":"https:\/\/api.w.org\/{rel}","templated":true}]}}