{"id":7205,"date":"2026-02-19T17:31:33","date_gmt":"2026-02-19T16:31:33","guid":{"rendered":"https:\/\/2026.fondationprimat.org\/notre-rapport-annuel-2024-2025-est-en-ligne\/"},"modified":"2026-08-13T17:39:03","modified_gmt":"2026-08-13T15:39:03","slug":"notre-rapport-annuel-2024-2025-est-en-ligne","status":"publish","type":"post","link":"https:\/\/fondationprimat.org\/en\/notre-rapport-annuel-2024-2025-est-en-ligne\/","title":{"rendered":"Notre rapport annuel 2024\u20132025 est en ligne"},"content":{"rendered":"<p><span style=\"font-size: 1rem;\">Nous avons le plaisir de vous pr\u00e9senter le rapport annuel 2024\u20132025 de la Fondation Didier et Martine Primat.<\/span><\/p>\n<p><span style=\"font-size: 1rem;\">Ce nouveau rapport refl\u00e8te une ann\u00e9e riche en engagements, en projets concrets et en collaborations inspirantes autour de nos deux piliers fondateurs : <\/span><strong style=\"font-size: 1rem;\">l\u2019Environnement<\/strong><span style=\"font-size: 1rem;\"> et <\/span><strong style=\"font-size: 1rem;\">l\u2019\u00c9ducation<\/strong><span style=\"font-size: 1rem;\">.<\/span><\/p>\n<div>\n<p>Vous y d\u00e9couvrirez :<br \/>\n\u2013 les actions men\u00e9es aux c\u00f4t\u00e9s de nos partenaires en Suisse, en France et au-del\u00e0,<br \/>\n\u2013 les avanc\u00e9es de projets \u00e0 fort impact social, \u00e9cologique ou \u00e9ducatif,<br \/>\n\u2013 les t\u00e9moignages, donn\u00e9es cl\u00e9s et perspectives qui ont marqu\u00e9 cette p\u00e9riode.<\/p>\n<div>En 2024\u20132025, la Fondation marque \u00e9galement ses <strong>10 ans d\u2019existence<\/strong>, une \u00e9tape qui renforce notre volont\u00e9 d\u2019agir durablement aux c\u00f4t\u00e9s d\u2019acteurs engag\u00e9s et visionnaires.<\/div>\n<div><\/div>\n<p>Nous remercions chaleureusement toutes celles et ceux qui rendent ces r\u00e9alisations possibles et esp\u00e9rons que ce rapport vous permettra de mieux comprendre l\u2019ampleur et le sens des initiatives que nous soutenons.<\/p>\n<p><strong style=\"color: #666666; font-size: 1.25rem;\">\u00a0<\/strong><strong style=\"color: #666666; font-size: 1.25rem;\"><strong style=\"color: #666666; font-size: 1.25rem;\">\u00a0<a href=\"https:\/\/fondationprimat.org\/wp-content\/uploads\/2026\/02\/Rapport-Fondation-Primat-2024-2025-Planches-HD.pdf\" target=\"_blank\" rel=\"noopener\">Retrouvez l&#8217;int\u00e9gralit\u00e9 du rapport ici<\/a><\/strong><\/strong><\/p>\n<p><strong style=\"color: #666666; font-size: 1.25rem;\"><img fetchpriority=\"high\" decoding=\"async\" class=\"alignnone size-full wp-image-6250\" src=\"https:\/\/fondationprimat.org\/wp-content\/uploads\/2026\/02\/Capture-decran-2026-02-19-172844.png\" alt=\"\" width=\"393\" height=\"560\" srcset=\"https:\/\/fondationprimat.org\/wp-content\/uploads\/2026\/02\/Capture-decran-2026-02-19-172844.png 393w, https:\/\/fondationprimat.org\/wp-content\/uploads\/2026\/02\/Capture-decran-2026-02-19-172844-211x300.png 211w\" sizes=\"(max-width: 393px) 100vw, 393px\" \/><\/strong><\/p>\n<\/div>\n<p>&nbsp;<\/p>\n","protected":false},"excerpt":{"rendered":"<p>Nous avons le plaisir de vous pr\u00e9senter le rapport annuel 2024\u20132025 de la Fondation Didier et Martine Primat. Ce nouveau rapport refl\u00e8te une ann\u00e9e riche en engagements, en projets concrets et en collaborations inspirantes autour de nos deux piliers fondateurs : l\u2019Environnement et l\u2019\u00c9ducation. Vous y d\u00e9couvrirez : \u2013 les actions men\u00e9es aux c\u00f4t\u00e9s de [&hellip;]<\/p>\n","protected":false},"author":4,"featured_media":6251,"comment_status":"closed","ping_status":"closed","sticky":false,"template":"","format":"standard","meta":{"_acf_changed":false,"footnotes":""},"categories":[81,2],"tags":[],"class_list":["post-7205","post","type-post","status-publish","format-standard","has-post-thumbnail","hentry","category-featured","category-uncategorized"],"acf":[],"yoast_head":"<!-- This site is optimized with the Yoast SEO plugin v28.3 - https:\/\/yoast.com\/product\/yoast-seo-wordpress\/ -->\n<title>Notre rapport annuel 2024\u20132025 est en ligne &#8211; Fondation Primat<\/title>\n<meta name=\"robots\" content=\"index, follow, max-snippet:-1, max-image-preview:large, max-video-preview:-1\" \/>\n<link rel=\"canonical\" href=\"https:\/\/fondationprimat.org\/en\/notre-rapport-annuel-2024-2025-est-en-ligne\/\" \/>\n<meta property=\"og:locale\" content=\"en_US\" \/>\n<meta property=\"og:type\" content=\"article\" \/>\n<meta property=\"og:title\" content=\"Notre rapport annuel 2024\u20132025 est en ligne &#8211; Fondation Primat\" \/>\n<meta property=\"og:description\" content=\"Nous avons le plaisir de vous pr\u00e9senter le rapport annuel 2024\u20132025 de la Fondation Didier et Martine Primat. Ce nouveau rapport refl\u00e8te une ann\u00e9e riche en engagements, en projets concrets et en collaborations inspirantes autour de nos deux piliers fondateurs : l\u2019Environnement et l\u2019\u00c9ducation. Vous y d\u00e9couvrirez : \u2013 les actions men\u00e9es aux c\u00f4t\u00e9s de [&hellip;]\" \/>\n<meta property=\"og:url\" content=\"https:\/\/fondationprimat.org\/en\/notre-rapport-annuel-2024-2025-est-en-ligne\/\" \/>\n<meta property=\"og:site_name\" content=\"Fondation Primat\" \/>\n<meta property=\"article:published_time\" content=\"2026-02-19T16:31:33+00:00\" \/>\n<meta property=\"article:modified_time\" content=\"2026-08-13T15:39:03+00:00\" \/>\n<meta property=\"og:image\" content=\"https:\/\/fondationprimat.org\/wp-content\/uploads\/2026\/02\/Capture-decran-2026-02-19-172844.png\" \/>\n\t<meta property=\"og:image:width\" content=\"393\" \/>\n\t<meta property=\"og:image:height\" content=\"560\" \/>\n\t<meta property=\"og:image:type\" content=\"image\/png\" \/>\n<meta name=\"author\" content=\"Ga\u00ebl Lugaz\" \/>\n<meta name=\"twitter:card\" content=\"summary_large_image\" \/>\n<meta name=\"twitter:label1\" content=\"Written by\" \/>\n\t<meta name=\"twitter:data1\" content=\"Ga\u00ebl Lugaz\" \/>\n\t<meta name=\"twitter:label2\" content=\"Est. reading time\" \/>\n\t<meta name=\"twitter:data2\" content=\"2 minutes\" \/>\n<script type=\"application\/ld+json\" class=\"yoast-schema-graph\">{\"@context\":\"https:\\\/\\\/schema.org\",\"@graph\":[{\"@type\":\"Article\",\"@id\":\"https:\\\/\\\/fondationprimat.org\\\/en\\\/notre-rapport-annuel-2024-2025-est-en-ligne\\\/#article\",\"isPartOf\":{\"@id\":\"https:\\\/\\\/fondationprimat.org\\\/en\\\/notre-rapport-annuel-2024-2025-est-en-ligne\\\/\"},\"author\":{\"name\":\"Ga\u00ebl Lugaz\",\"@id\":\"https:\\\/\\\/fondationprimat.org\\\/#\\\/schema\\\/person\\\/ec184bf89fb6c267cc11ca6e54ab6e5b\"},\"headline\":\"Notre rapport annuel 2024\u20132025 est en ligne\",\"datePublished\":\"2026-02-19T16:31:33+00:00\",\"dateModified\":\"2026-08-13T15:39:03+00:00\",\"mainEntityOfPage\":{\"@id\":\"https:\\\/\\\/fondationprimat.org\\\/en\\\/notre-rapport-annuel-2024-2025-est-en-ligne\\\/\"},\"wordCount\":170,\"publisher\":{\"@id\":\"https:\\\/\\\/fondationprimat.org\\\/#organization\"},\"image\":{\"@id\":\"https:\\\/\\\/fondationprimat.org\\\/en\\\/notre-rapport-annuel-2024-2025-est-en-ligne\\\/#primaryimage\"},\"thumbnailUrl\":\"https:\\\/\\\/fondationprimat.org\\\/wp-content\\\/uploads\\\/2026\\\/02\\\/Capture-decran-2026-02-19-172844.png\",\"articleSection\":[\"Homepage Featured\"],\"inLanguage\":\"en-US\"},{\"@type\":\"WebPage\",\"@id\":\"https:\\\/\\\/fondationprimat.org\\\/en\\\/notre-rapport-annuel-2024-2025-est-en-ligne\\\/\",\"url\":\"https:\\\/\\\/fondationprimat.org\\\/en\\\/notre-rapport-annuel-2024-2025-est-en-ligne\\\/\",\"name\":\"Notre rapport annuel 2024\u20132025 est en ligne &#8211; Fondation Primat\",\"isPartOf\":{\"@id\":\"https:\\\/\\\/fondationprimat.org\\\/#website\"},\"primaryImageOfPage\":{\"@id\":\"https:\\\/\\\/fondationprimat.org\\\/en\\\/notre-rapport-annuel-2024-2025-est-en-ligne\\\/#primaryimage\"},\"image\":{\"@id\":\"https:\\\/\\\/fondationprimat.org\\\/en\\\/notre-rapport-annuel-2024-2025-est-en-ligne\\\/#primaryimage\"},\"thumbnailUrl\":\"https:\\\/\\\/fondationprimat.org\\\/wp-content\\\/uploads\\\/2026\\\/02\\\/Capture-decran-2026-02-19-172844.png\",\"datePublished\":\"2026-02-19T16:31:33+00:00\",\"dateModified\":\"2026-08-13T15:39:03+00:00\",\"breadcrumb\":{\"@id\":\"https:\\\/\\\/fondationprimat.org\\\/en\\\/notre-rapport-annuel-2024-2025-est-en-ligne\\\/#breadcrumb\"},\"inLanguage\":\"en-US\",\"potentialAction\":[{\"@type\":\"ReadAction\",\"target\":[\"https:\\\/\\\/fondationprimat.org\\\/en\\\/notre-rapport-annuel-2024-2025-est-en-ligne\\\/\"]}]},{\"@type\":\"ImageObject\",\"inLanguage\":\"en-US\",\"@id\":\"https:\\\/\\\/fondationprimat.org\\\/en\\\/notre-rapport-annuel-2024-2025-est-en-ligne\\\/#primaryimage\",\"url\":\"https:\\\/\\\/fondationprimat.org\\\/wp-content\\\/uploads\\\/2026\\\/02\\\/Capture-decran-2026-02-19-172844.png\",\"contentUrl\":\"https:\\\/\\\/fondationprimat.org\\\/wp-content\\\/uploads\\\/2026\\\/02\\\/Capture-decran-2026-02-19-172844.png\",\"width\":393,\"height\":560},{\"@type\":\"BreadcrumbList\",\"@id\":\"https:\\\/\\\/fondationprimat.org\\\/en\\\/notre-rapport-annuel-2024-2025-est-en-ligne\\\/#breadcrumb\",\"itemListElement\":[{\"@type\":\"ListItem\",\"position\":1,\"name\":\"Home\",\"item\":\"https:\\\/\\\/fondationprimat.org\\\/en\\\/\"},{\"@type\":\"ListItem\",\"position\":2,\"name\":\"Notre rapport annuel 2024\u20132025 est en ligne\"}]},{\"@type\":\"WebSite\",\"@id\":\"https:\\\/\\\/fondationprimat.org\\\/#website\",\"url\":\"https:\\\/\\\/fondationprimat.org\\\/\",\"name\":\"Fondation Didier et Martine Primat\",\"description\":\"\",\"publisher\":{\"@id\":\"https:\\\/\\\/fondationprimat.org\\\/#organization\"},\"alternateName\":\"Fondation Primat\",\"potentialAction\":[{\"@type\":\"SearchAction\",\"target\":{\"@type\":\"EntryPoint\",\"urlTemplate\":\"https:\\\/\\\/fondationprimat.org\\\/?s={search_term_string}\"},\"query-input\":{\"@type\":\"PropertyValueSpecification\",\"valueRequired\":true,\"valueName\":\"search_term_string\"}}],\"inLanguage\":\"en-US\"},{\"@type\":\"Organization\",\"@id\":\"https:\\\/\\\/fondationprimat.org\\\/#organization\",\"name\":\"Fondation Didier et Martine Primat\",\"url\":\"https:\\\/\\\/fondationprimat.org\\\/\",\"logo\":{\"@type\":\"ImageObject\",\"inLanguage\":\"en-US\",\"@id\":\"https:\\\/\\\/fondationprimat.org\\\/#\\\/schema\\\/logo\\\/image\\\/\",\"url\":\"https:\\\/\\\/fondationprimat.org\\\/wp-content\\\/uploads\\\/2026\\\/09\\\/Logo-Fondation-Primat.png.webp\",\"contentUrl\":\"https:\\\/\\\/fondationprimat.org\\\/wp-content\\\/uploads\\\/2026\\\/09\\\/Logo-Fondation-Primat.png.webp\",\"width\":768,\"height\":742,\"caption\":\"Fondation Didier et Martine Primat\"},\"image\":{\"@id\":\"https:\\\/\\\/fondationprimat.org\\\/#\\\/schema\\\/logo\\\/image\\\/\"}},{\"@type\":\"Person\",\"@id\":\"https:\\\/\\\/fondationprimat.org\\\/#\\\/schema\\\/person\\\/ec184bf89fb6c267cc11ca6e54ab6e5b\",\"name\":\"Ga\u00ebl Lugaz\",\"image\":{\"@type\":\"ImageObject\",\"inLanguage\":\"en-US\",\"@id\":\"https:\\\/\\\/secure.gravatar.com\\\/avatar\\\/ef21b12be65ef847d06267bb1807ba80e502590c8282fd0298a08a7278d44861?s=96&d=mm&r=g\",\"url\":\"https:\\\/\\\/secure.gravatar.com\\\/avatar\\\/ef21b12be65ef847d06267bb1807ba80e502590c8282fd0298a08a7278d44861?s=96&d=mm&r=g\",\"contentUrl\":\"https:\\\/\\\/secure.gravatar.com\\\/avatar\\\/ef21b12be65ef847d06267bb1807ba80e502590c8282fd0298a08a7278d44861?s=96&d=mm&r=g\",\"caption\":\"Ga\u00ebl Lugaz\"}}]}<\/script>\n<!-- \/ Yoast SEO plugin. -->","yoast_head_json":{"title":"Notre rapport annuel 2024\u20132025 est en ligne &#8211; Fondation Primat","robots":{"index":"index","follow":"follow","max-snippet":"max-snippet:-1","max-image-preview":"max-image-preview:large","max-video-preview":"max-video-preview:-1"},"canonical":"https:\/\/fondationprimat.org\/en\/notre-rapport-annuel-2024-2025-est-en-ligne\/","og_locale":"en_US","og_type":"article","og_title":"Notre rapport annuel 2024\u20132025 est en ligne &#8211; Fondation Primat","og_description":"Nous avons le plaisir de vous pr\u00e9senter le rapport annuel 2024\u20132025 de la Fondation Didier et Martine Primat. Ce nouveau rapport refl\u00e8te une ann\u00e9e riche en engagements, en projets concrets et en collaborations inspirantes autour de nos deux piliers fondateurs : l\u2019Environnement et l\u2019\u00c9ducation. Vous y d\u00e9couvrirez : \u2013 les actions men\u00e9es aux c\u00f4t\u00e9s de [&hellip;]","og_url":"https:\/\/fondationprimat.org\/en\/notre-rapport-annuel-2024-2025-est-en-ligne\/","og_site_name":"Fondation Primat","article_published_time":"2026-02-19T16:31:33+00:00","article_modified_time":"2026-08-13T15:39:03+00:00","og_image":[{"width":393,"height":560,"url":"https:\/\/fondationprimat.org\/wp-content\/uploads\/2026\/02\/Capture-decran-2026-02-19-172844.png","type":"image\/png"}],"author":"Ga\u00ebl Lugaz","twitter_card":"summary_large_image","twitter_misc":{"Written by":"Ga\u00ebl Lugaz","Est. reading time":"2 minutes"},"schema":{"@context":"https:\/\/schema.org","@graph":[{"@type":"Article","@id":"https:\/\/fondationprimat.org\/en\/notre-rapport-annuel-2024-2025-est-en-ligne\/#article","isPartOf":{"@id":"https:\/\/fondationprimat.org\/en\/notre-rapport-annuel-2024-2025-est-en-ligne\/"},"author":{"name":"Ga\u00ebl Lugaz","@id":"https:\/\/fondationprimat.org\/#\/schema\/person\/ec184bf89fb6c267cc11ca6e54ab6e5b"},"headline":"Notre rapport annuel 2024\u20132025 est en ligne","datePublished":"2026-02-19T16:31:33+00:00","dateModified":"2026-08-13T15:39:03+00:00","mainEntityOfPage":{"@id":"https:\/\/fondationprimat.org\/en\/notre-rapport-annuel-2024-2025-est-en-ligne\/"},"wordCount":170,"publisher":{"@id":"https:\/\/fondationprimat.org\/#organization"},"image":{"@id":"https:\/\/fondationprimat.org\/en\/notre-rapport-annuel-2024-2025-est-en-ligne\/#primaryimage"},"thumbnailUrl":"https:\/\/fondationprimat.org\/wp-content\/uploads\/2026\/02\/Capture-decran-2026-02-19-172844.png","articleSection":["Homepage Featured"],"inLanguage":"en-US"},{"@type":"WebPage","@id":"https:\/\/fondationprimat.org\/en\/notre-rapport-annuel-2024-2025-est-en-ligne\/","url":"https:\/\/fondationprimat.org\/en\/notre-rapport-annuel-2024-2025-est-en-ligne\/","name":"Notre rapport annuel 2024\u20132025 est en ligne &#8211; Fondation Primat","isPartOf":{"@id":"https:\/\/fondationprimat.org\/#website"},"primaryImageOfPage":{"@id":"https:\/\/fondationprimat.org\/en\/notre-rapport-annuel-2024-2025-est-en-ligne\/#primaryimage"},"image":{"@id":"https:\/\/fondationprimat.org\/en\/notre-rapport-annuel-2024-2025-est-en-ligne\/#primaryimage"},"thumbnailUrl":"https:\/\/fondationprimat.org\/wp-content\/uploads\/2026\/02\/Capture-decran-2026-02-19-172844.png","datePublished":"2026-02-19T16:31:33+00:00","dateModified":"2026-08-13T15:39:03+00:00","breadcrumb":{"@id":"https:\/\/fondationprimat.org\/en\/notre-rapport-annuel-2024-2025-est-en-ligne\/#breadcrumb"},"inLanguage":"en-US","potentialAction":[{"@type":"ReadAction","target":["https:\/\/fondationprimat.org\/en\/notre-rapport-annuel-2024-2025-est-en-ligne\/"]}]},{"@type":"ImageObject","inLanguage":"en-US","@id":"https:\/\/fondationprimat.org\/en\/notre-rapport-annuel-2024-2025-est-en-ligne\/#primaryimage","url":"https:\/\/fondationprimat.org\/wp-content\/uploads\/2026\/02\/Capture-decran-2026-02-19-172844.png","contentUrl":"https:\/\/fondationprimat.org\/wp-content\/uploads\/2026\/02\/Capture-decran-2026-02-19-172844.png","width":393,"height":560},{"@type":"BreadcrumbList","@id":"https:\/\/fondationprimat.org\/en\/notre-rapport-annuel-2024-2025-est-en-ligne\/#breadcrumb","itemListElement":[{"@type":"ListItem","position":1,"name":"Home","item":"https:\/\/fondationprimat.org\/en\/"},{"@type":"ListItem","position":2,"name":"Notre rapport annuel 2024\u20132025 est en ligne"}]},{"@type":"WebSite","@id":"https:\/\/fondationprimat.org\/#website","url":"https:\/\/fondationprimat.org\/","name":"Fondation Didier et Martine Primat","description":"","publisher":{"@id":"https:\/\/fondationprimat.org\/#organization"},"alternateName":"Fondation Primat","potentialAction":[{"@type":"SearchAction","target":{"@type":"EntryPoint","urlTemplate":"https:\/\/fondationprimat.org\/?s={search_term_string}"},"query-input":{"@type":"PropertyValueSpecification","valueRequired":true,"valueName":"search_term_string"}}],"inLanguage":"en-US"},{"@type":"Organization","@id":"https:\/\/fondationprimat.org\/#organization","name":"Fondation Didier et Martine Primat","url":"https:\/\/fondationprimat.org\/","logo":{"@type":"ImageObject","inLanguage":"en-US","@id":"https:\/\/fondationprimat.org\/#\/schema\/logo\/image\/","url":"https:\/\/fondationprimat.org\/wp-content\/uploads\/2026\/09\/Logo-Fondation-Primat.png.webp","contentUrl":"https:\/\/fondationprimat.org\/wp-content\/uploads\/2026\/09\/Logo-Fondation-Primat.png.webp","width":768,"height":742,"caption":"Fondation Didier et Martine Primat"},"image":{"@id":"https:\/\/fondationprimat.org\/#\/schema\/logo\/image\/"}},{"@type":"Person","@id":"https:\/\/fondationprimat.org\/#\/schema\/person\/ec184bf89fb6c267cc11ca6e54ab6e5b","name":"Ga\u00ebl Lugaz","image":{"@type":"ImageObject","inLanguage":"en-US","@id":"https:\/\/secure.gravatar.com\/avatar\/ef21b12be65ef847d06267bb1807ba80e502590c8282fd0298a08a7278d44861?s=96&d=mm&r=g","url":"https:\/\/secure.gravatar.com\/avatar\/ef21b12be65ef847d06267bb1807ba80e502590c8282fd0298a08a7278d44861?s=96&d=mm&r=g","contentUrl":"https:\/\/secure.gravatar.com\/avatar\/ef21b12be65ef847d06267bb1807ba80e502590c8282fd0298a08a7278d44861?s=96&d=mm&r=g","caption":"Ga\u00ebl Lugaz"}}]}},"_links":{"self":[{"href":"https:\/\/fondationprimat.org\/en\/wp-json\/wp\/v2\/posts\/7205","targetHints":{"allow":["GET"]}}],"collection":[{"href":"https:\/\/fondationprimat.org\/en\/wp-json\/wp\/v2\/posts"}],"about":[{"href":"https:\/\/fondationprimat.org\/en\/wp-json\/wp\/v2\/types\/post"}],"author":[{"embeddable":true,"href":"https:\/\/fondationprimat.org\/en\/wp-json\/wp\/v2\/users\/4"}],"replies":[{"embeddable":true,"href":"https:\/\/fondationprimat.org\/en\/wp-json\/wp\/v2\/comments?post=7205"}],"version-history":[{"count":1,"href":"https:\/\/fondationprimat.org\/en\/wp-json\/wp\/v2\/posts\/7205\/revisions"}],"predecessor-version":[{"id":8771,"href":"https:\/\/fondationprimat.org\/en\/wp-json\/wp\/v2\/posts\/7205\/revisions\/8771"}],"wp:featuredmedia":[{"embeddable":true,"href":"https:\/\/fondationprimat.org\/en\/wp-json\/wp\/v2\/media\/6251"}],"wp:attachment":[{"href":"https:\/\/fondationprimat.org\/en\/wp-json\/wp\/v2\/media?parent=7205"}],"wp:term":[{"taxonomy":"category","embeddable":true,"href":"https:\/\/fondationprimat.org\/en\/wp-json\/wp\/v2\/categories?post=7205"},{"taxonomy":"post_tag","embeddable":true,"href":"https:\/\/fondationprimat.org\/en\/wp-json\/wp\/v2\/tags?post=7205"}],"curies":[{"name":"wp","href":"https:\/\/api.w.org\/{rel}","templated":true}]}}