{"id":3537,"date":"2021-08-25T10:25:00","date_gmt":"2021-08-25T08:25:00","guid":{"rendered":"https:\/\/2026.fondationprimat.org\/?p=3537"},"modified":"2026-05-22T16:23:19","modified_gmt":"2026-05-22T14:23:19","slug":"videos-scientifiques-sur-la-toxicite-de-certains-emballage-alimentaires-pour-la-sante-humaine-et-environnementale","status":"publish","type":"post","link":"https:\/\/fondationprimat.org\/en\/videos-scientifiques-sur-la-toxicite-de-certains-emballage-alimentaires-pour-la-sante-humaine-et-environnementale\/","title":{"rendered":"Vid\u00e9os scientifiques sur la toxicit\u00e9 de certains emballages alimentaires pour la sant\u00e9 humaine et environnementale"},"content":{"rendered":"<p>Les mat\u00e9riaux d\u2019emballage alimentaire renferment de nombreuses substances chimiques qui pr\u00e9sentent des risques potentiels pour la sant\u00e9 humaine et l\u2019environnement. La Fondation Primat \u00e0 travers un don au Food Packaging Forum a soutenu <span style=\"font-size: 1rem;\">la production de 3 vid\u00e9os de vulgarisation scientifique sur les mat\u00e9riaux toxiques dans les emballages alimentaires. Ces vid\u00e9os sont destin\u00e9es en priorit\u00e9 aux d\u00e9cideurs et influenceurs (d\u00e9cideurs politiques, politiciens, philanthropes) ; multiplicateurs (journalistes des grands m\u00e9dias, blogueurs ) ; ONG agissant dans la sph\u00e8re environnementales pour les aider \u00e0 faire bouger les lignes .<\/span><\/p>\n<p>Cliquez <a href=\"https:\/\/www.foodpackagingforum.org\/video-blog\">ICI<\/a> pour visionner sur le site du Food Packaging Forum les 3 vid\u00e9o pr\u00e9sentant une r\u00e9flexion scientifique sur la toxicit\u00e9 de certains emballages alimentaires.<\/p>\n","protected":false},"excerpt":{"rendered":"<p>Les mat\u00e9riaux d\u2019emballage alimentaire renferment de nombreuses substances chimiques qui pr\u00e9sentent des risques potentiels pour la sant\u00e9 humaine et l\u2019environnement. La Fondation Primat \u00e0 travers un don au Food Packaging Forum a soutenu la production de 3 vid\u00e9os de vulgarisation scientifique sur les mat\u00e9riaux toxiques dans les emballages alimentaires. Ces vid\u00e9os sont destin\u00e9es en priorit\u00e9 [&hellip;]<\/p>\n","protected":false},"author":4,"featured_media":2631,"comment_status":"closed","ping_status":"closed","sticky":false,"template":"","format":"standard","meta":{"_acf_changed":false,"footnotes":""},"categories":[2],"tags":[],"class_list":["post-3537","post","type-post","status-publish","format-standard","has-post-thumbnail","hentry","category-uncategorized"],"acf":[],"yoast_head":"<!-- This site is optimized with the Yoast SEO plugin v28.3 - https:\/\/yoast.com\/product\/yoast-seo-wordpress\/ -->\n<title>Vid\u00e9os scientifiques sur la toxicit\u00e9 de certains emballages alimentaires pour la sant\u00e9 humaine et environnementale &#8211; Fondation Primat<\/title>\n<meta name=\"robots\" content=\"index, follow, max-snippet:-1, max-image-preview:large, max-video-preview:-1\" \/>\n<link rel=\"canonical\" href=\"https:\/\/fondationprimat.org\/en\/videos-scientifiques-sur-la-toxicite-de-certains-emballage-alimentaires-pour-la-sante-humaine-et-environnementale\/\" \/>\n<meta property=\"og:locale\" content=\"en_US\" \/>\n<meta property=\"og:type\" content=\"article\" \/>\n<meta property=\"og:title\" content=\"Vid\u00e9os scientifiques sur la toxicit\u00e9 de certains emballages alimentaires pour la sant\u00e9 humaine et environnementale &#8211; Fondation Primat\" \/>\n<meta property=\"og:description\" content=\"Les mat\u00e9riaux d\u2019emballage alimentaire renferment de nombreuses substances chimiques qui pr\u00e9sentent des risques potentiels pour la sant\u00e9 humaine et l\u2019environnement. La Fondation Primat \u00e0 travers un don au Food Packaging Forum a soutenu la production de 3 vid\u00e9os de vulgarisation scientifique sur les mat\u00e9riaux toxiques dans les emballages alimentaires. Ces vid\u00e9os sont destin\u00e9es en priorit\u00e9 [&hellip;]\" \/>\n<meta property=\"og:url\" content=\"https:\/\/fondationprimat.org\/en\/videos-scientifiques-sur-la-toxicite-de-certains-emballage-alimentaires-pour-la-sante-humaine-et-environnementale\/\" \/>\n<meta property=\"og:site_name\" content=\"Fondation Primat\" \/>\n<meta property=\"article:published_time\" content=\"2021-08-25T08:25:00+00:00\" \/>\n<meta property=\"article:modified_time\" content=\"2026-05-22T14:23:19+00:00\" \/>\n<meta property=\"og:image\" content=\"https:\/\/fondationprimat.org\/wp-content\/uploads\/2020\/07\/food_packaging_main-1024x509-371en5npanmwxm1lfkr7r4.jpg\" \/>\n\t<meta property=\"og:image:width\" content=\"1170\" \/>\n\t<meta property=\"og:image:height\" content=\"550\" \/>\n\t<meta property=\"og:image:type\" content=\"image\/jpeg\" \/>\n<meta name=\"author\" content=\"Ga\u00ebl Lugaz\" \/>\n<meta name=\"twitter:card\" content=\"summary_large_image\" \/>\n<meta name=\"twitter:label1\" content=\"Written by\" \/>\n\t<meta name=\"twitter:data1\" content=\"Ga\u00ebl Lugaz\" \/>\n\t<meta name=\"twitter:label2\" content=\"Est. reading time\" \/>\n\t<meta name=\"twitter:data2\" content=\"1 minute\" \/>\n<script type=\"application\/ld+json\" class=\"yoast-schema-graph\">{\"@context\":\"https:\\\/\\\/schema.org\",\"@graph\":[{\"@type\":\"Article\",\"@id\":\"https:\\\/\\\/fondationprimat.org\\\/en\\\/videos-scientifiques-sur-la-toxicite-de-certains-emballage-alimentaires-pour-la-sante-humaine-et-environnementale\\\/#article\",\"isPartOf\":{\"@id\":\"https:\\\/\\\/fondationprimat.org\\\/en\\\/videos-scientifiques-sur-la-toxicite-de-certains-emballage-alimentaires-pour-la-sante-humaine-et-environnementale\\\/\"},\"author\":{\"name\":\"Ga\u00ebl Lugaz\",\"@id\":\"https:\\\/\\\/fondationprimat.org\\\/#\\\/schema\\\/person\\\/ec184bf89fb6c267cc11ca6e54ab6e5b\"},\"headline\":\"Vid\u00e9os scientifiques sur la toxicit\u00e9 de certains emballages alimentaires pour la sant\u00e9 humaine et environnementale\",\"datePublished\":\"2021-08-25T08:25:00+00:00\",\"dateModified\":\"2026-05-22T14:23:19+00:00\",\"mainEntityOfPage\":{\"@id\":\"https:\\\/\\\/fondationprimat.org\\\/en\\\/videos-scientifiques-sur-la-toxicite-de-certains-emballage-alimentaires-pour-la-sante-humaine-et-environnementale\\\/\"},\"wordCount\":135,\"publisher\":{\"@id\":\"https:\\\/\\\/fondationprimat.org\\\/#organization\"},\"image\":{\"@id\":\"https:\\\/\\\/fondationprimat.org\\\/en\\\/videos-scientifiques-sur-la-toxicite-de-certains-emballage-alimentaires-pour-la-sante-humaine-et-environnementale\\\/#primaryimage\"},\"thumbnailUrl\":\"https:\\\/\\\/fondationprimat.org\\\/wp-content\\\/uploads\\\/2020\\\/07\\\/food_packaging_main-1024x509-371en5npanmwxm1lfkr7r4.jpg\",\"inLanguage\":\"en-US\"},{\"@type\":\"WebPage\",\"@id\":\"https:\\\/\\\/fondationprimat.org\\\/en\\\/videos-scientifiques-sur-la-toxicite-de-certains-emballage-alimentaires-pour-la-sante-humaine-et-environnementale\\\/\",\"url\":\"https:\\\/\\\/fondationprimat.org\\\/en\\\/videos-scientifiques-sur-la-toxicite-de-certains-emballage-alimentaires-pour-la-sante-humaine-et-environnementale\\\/\",\"name\":\"Vid\u00e9os scientifiques sur la toxicit\u00e9 de certains emballages alimentaires pour la sant\u00e9 humaine et environnementale &#8211; Fondation Primat\",\"isPartOf\":{\"@id\":\"https:\\\/\\\/fondationprimat.org\\\/#website\"},\"primaryImageOfPage\":{\"@id\":\"https:\\\/\\\/fondationprimat.org\\\/en\\\/videos-scientifiques-sur-la-toxicite-de-certains-emballage-alimentaires-pour-la-sante-humaine-et-environnementale\\\/#primaryimage\"},\"image\":{\"@id\":\"https:\\\/\\\/fondationprimat.org\\\/en\\\/videos-scientifiques-sur-la-toxicite-de-certains-emballage-alimentaires-pour-la-sante-humaine-et-environnementale\\\/#primaryimage\"},\"thumbnailUrl\":\"https:\\\/\\\/fondationprimat.org\\\/wp-content\\\/uploads\\\/2020\\\/07\\\/food_packaging_main-1024x509-371en5npanmwxm1lfkr7r4.jpg\",\"datePublished\":\"2021-08-25T08:25:00+00:00\",\"dateModified\":\"2026-05-22T14:23:19+00:00\",\"breadcrumb\":{\"@id\":\"https:\\\/\\\/fondationprimat.org\\\/en\\\/videos-scientifiques-sur-la-toxicite-de-certains-emballage-alimentaires-pour-la-sante-humaine-et-environnementale\\\/#breadcrumb\"},\"inLanguage\":\"en-US\",\"potentialAction\":[{\"@type\":\"ReadAction\",\"target\":[\"https:\\\/\\\/fondationprimat.org\\\/en\\\/videos-scientifiques-sur-la-toxicite-de-certains-emballage-alimentaires-pour-la-sante-humaine-et-environnementale\\\/\"]}]},{\"@type\":\"ImageObject\",\"inLanguage\":\"en-US\",\"@id\":\"https:\\\/\\\/fondationprimat.org\\\/en\\\/videos-scientifiques-sur-la-toxicite-de-certains-emballage-alimentaires-pour-la-sante-humaine-et-environnementale\\\/#primaryimage\",\"url\":\"https:\\\/\\\/fondationprimat.org\\\/wp-content\\\/uploads\\\/2020\\\/07\\\/food_packaging_main-1024x509-371en5npanmwxm1lfkr7r4.jpg\",\"contentUrl\":\"https:\\\/\\\/fondationprimat.org\\\/wp-content\\\/uploads\\\/2020\\\/07\\\/food_packaging_main-1024x509-371en5npanmwxm1lfkr7r4.jpg\",\"width\":1170,\"height\":550},{\"@type\":\"BreadcrumbList\",\"@id\":\"https:\\\/\\\/fondationprimat.org\\\/en\\\/videos-scientifiques-sur-la-toxicite-de-certains-emballage-alimentaires-pour-la-sante-humaine-et-environnementale\\\/#breadcrumb\",\"itemListElement\":[{\"@type\":\"ListItem\",\"position\":1,\"name\":\"Home\",\"item\":\"https:\\\/\\\/fondationprimat.org\\\/en\\\/\"},{\"@type\":\"ListItem\",\"position\":2,\"name\":\"Vid\u00e9os scientifiques sur la toxicit\u00e9 de certains emballages alimentaires pour la sant\u00e9 humaine et environnementale\"}]},{\"@type\":\"WebSite\",\"@id\":\"https:\\\/\\\/fondationprimat.org\\\/#website\",\"url\":\"https:\\\/\\\/fondationprimat.org\\\/\",\"name\":\"Fondation Didier et Martine Primat\",\"description\":\"\",\"publisher\":{\"@id\":\"https:\\\/\\\/fondationprimat.org\\\/#organization\"},\"alternateName\":\"Fondation Primat\",\"potentialAction\":[{\"@type\":\"SearchAction\",\"target\":{\"@type\":\"EntryPoint\",\"urlTemplate\":\"https:\\\/\\\/fondationprimat.org\\\/?s={search_term_string}\"},\"query-input\":{\"@type\":\"PropertyValueSpecification\",\"valueRequired\":true,\"valueName\":\"search_term_string\"}}],\"inLanguage\":\"en-US\"},{\"@type\":\"Organization\",\"@id\":\"https:\\\/\\\/fondationprimat.org\\\/#organization\",\"name\":\"Fondation Didier et Martine Primat\",\"url\":\"https:\\\/\\\/fondationprimat.org\\\/\",\"logo\":{\"@type\":\"ImageObject\",\"inLanguage\":\"en-US\",\"@id\":\"https:\\\/\\\/fondationprimat.org\\\/#\\\/schema\\\/logo\\\/image\\\/\",\"url\":\"https:\\\/\\\/fondationprimat.org\\\/wp-content\\\/uploads\\\/2026\\\/09\\\/Logo-Fondation-Primat.png.webp\",\"contentUrl\":\"https:\\\/\\\/fondationprimat.org\\\/wp-content\\\/uploads\\\/2026\\\/09\\\/Logo-Fondation-Primat.png.webp\",\"width\":768,\"height\":742,\"caption\":\"Fondation Didier et Martine Primat\"},\"image\":{\"@id\":\"https:\\\/\\\/fondationprimat.org\\\/#\\\/schema\\\/logo\\\/image\\\/\"}},{\"@type\":\"Person\",\"@id\":\"https:\\\/\\\/fondationprimat.org\\\/#\\\/schema\\\/person\\\/ec184bf89fb6c267cc11ca6e54ab6e5b\",\"name\":\"Ga\u00ebl Lugaz\",\"image\":{\"@type\":\"ImageObject\",\"inLanguage\":\"en-US\",\"@id\":\"https:\\\/\\\/secure.gravatar.com\\\/avatar\\\/ef21b12be65ef847d06267bb1807ba80e502590c8282fd0298a08a7278d44861?s=96&d=mm&r=g\",\"url\":\"https:\\\/\\\/secure.gravatar.com\\\/avatar\\\/ef21b12be65ef847d06267bb1807ba80e502590c8282fd0298a08a7278d44861?s=96&d=mm&r=g\",\"contentUrl\":\"https:\\\/\\\/secure.gravatar.com\\\/avatar\\\/ef21b12be65ef847d06267bb1807ba80e502590c8282fd0298a08a7278d44861?s=96&d=mm&r=g\",\"caption\":\"Ga\u00ebl Lugaz\"}}]}<\/script>\n<!-- \/ Yoast SEO plugin. -->","yoast_head_json":{"title":"Vid\u00e9os scientifiques sur la toxicit\u00e9 de certains emballages alimentaires pour la sant\u00e9 humaine et environnementale &#8211; Fondation Primat","robots":{"index":"index","follow":"follow","max-snippet":"max-snippet:-1","max-image-preview":"max-image-preview:large","max-video-preview":"max-video-preview:-1"},"canonical":"https:\/\/fondationprimat.org\/en\/videos-scientifiques-sur-la-toxicite-de-certains-emballage-alimentaires-pour-la-sante-humaine-et-environnementale\/","og_locale":"en_US","og_type":"article","og_title":"Vid\u00e9os scientifiques sur la toxicit\u00e9 de certains emballages alimentaires pour la sant\u00e9 humaine et environnementale &#8211; Fondation Primat","og_description":"Les mat\u00e9riaux d\u2019emballage alimentaire renferment de nombreuses substances chimiques qui pr\u00e9sentent des risques potentiels pour la sant\u00e9 humaine et l\u2019environnement. La Fondation Primat \u00e0 travers un don au Food Packaging Forum a soutenu la production de 3 vid\u00e9os de vulgarisation scientifique sur les mat\u00e9riaux toxiques dans les emballages alimentaires. Ces vid\u00e9os sont destin\u00e9es en priorit\u00e9 [&hellip;]","og_url":"https:\/\/fondationprimat.org\/en\/videos-scientifiques-sur-la-toxicite-de-certains-emballage-alimentaires-pour-la-sante-humaine-et-environnementale\/","og_site_name":"Fondation Primat","article_published_time":"2021-08-25T08:25:00+00:00","article_modified_time":"2026-05-22T14:23:19+00:00","og_image":[{"width":1170,"height":550,"url":"https:\/\/fondationprimat.org\/wp-content\/uploads\/2020\/07\/food_packaging_main-1024x509-371en5npanmwxm1lfkr7r4.jpg","type":"image\/jpeg"}],"author":"Ga\u00ebl Lugaz","twitter_card":"summary_large_image","twitter_misc":{"Written by":"Ga\u00ebl Lugaz","Est. reading time":"1 minute"},"schema":{"@context":"https:\/\/schema.org","@graph":[{"@type":"Article","@id":"https:\/\/fondationprimat.org\/en\/videos-scientifiques-sur-la-toxicite-de-certains-emballage-alimentaires-pour-la-sante-humaine-et-environnementale\/#article","isPartOf":{"@id":"https:\/\/fondationprimat.org\/en\/videos-scientifiques-sur-la-toxicite-de-certains-emballage-alimentaires-pour-la-sante-humaine-et-environnementale\/"},"author":{"name":"Ga\u00ebl Lugaz","@id":"https:\/\/fondationprimat.org\/#\/schema\/person\/ec184bf89fb6c267cc11ca6e54ab6e5b"},"headline":"Vid\u00e9os scientifiques sur la toxicit\u00e9 de certains emballages alimentaires pour la sant\u00e9 humaine et environnementale","datePublished":"2021-08-25T08:25:00+00:00","dateModified":"2026-05-22T14:23:19+00:00","mainEntityOfPage":{"@id":"https:\/\/fondationprimat.org\/en\/videos-scientifiques-sur-la-toxicite-de-certains-emballage-alimentaires-pour-la-sante-humaine-et-environnementale\/"},"wordCount":135,"publisher":{"@id":"https:\/\/fondationprimat.org\/#organization"},"image":{"@id":"https:\/\/fondationprimat.org\/en\/videos-scientifiques-sur-la-toxicite-de-certains-emballage-alimentaires-pour-la-sante-humaine-et-environnementale\/#primaryimage"},"thumbnailUrl":"https:\/\/fondationprimat.org\/wp-content\/uploads\/2020\/07\/food_packaging_main-1024x509-371en5npanmwxm1lfkr7r4.jpg","inLanguage":"en-US"},{"@type":"WebPage","@id":"https:\/\/fondationprimat.org\/en\/videos-scientifiques-sur-la-toxicite-de-certains-emballage-alimentaires-pour-la-sante-humaine-et-environnementale\/","url":"https:\/\/fondationprimat.org\/en\/videos-scientifiques-sur-la-toxicite-de-certains-emballage-alimentaires-pour-la-sante-humaine-et-environnementale\/","name":"Vid\u00e9os scientifiques sur la toxicit\u00e9 de certains emballages alimentaires pour la sant\u00e9 humaine et environnementale &#8211; Fondation Primat","isPartOf":{"@id":"https:\/\/fondationprimat.org\/#website"},"primaryImageOfPage":{"@id":"https:\/\/fondationprimat.org\/en\/videos-scientifiques-sur-la-toxicite-de-certains-emballage-alimentaires-pour-la-sante-humaine-et-environnementale\/#primaryimage"},"image":{"@id":"https:\/\/fondationprimat.org\/en\/videos-scientifiques-sur-la-toxicite-de-certains-emballage-alimentaires-pour-la-sante-humaine-et-environnementale\/#primaryimage"},"thumbnailUrl":"https:\/\/fondationprimat.org\/wp-content\/uploads\/2020\/07\/food_packaging_main-1024x509-371en5npanmwxm1lfkr7r4.jpg","datePublished":"2021-08-25T08:25:00+00:00","dateModified":"2026-05-22T14:23:19+00:00","breadcrumb":{"@id":"https:\/\/fondationprimat.org\/en\/videos-scientifiques-sur-la-toxicite-de-certains-emballage-alimentaires-pour-la-sante-humaine-et-environnementale\/#breadcrumb"},"inLanguage":"en-US","potentialAction":[{"@type":"ReadAction","target":["https:\/\/fondationprimat.org\/en\/videos-scientifiques-sur-la-toxicite-de-certains-emballage-alimentaires-pour-la-sante-humaine-et-environnementale\/"]}]},{"@type":"ImageObject","inLanguage":"en-US","@id":"https:\/\/fondationprimat.org\/en\/videos-scientifiques-sur-la-toxicite-de-certains-emballage-alimentaires-pour-la-sante-humaine-et-environnementale\/#primaryimage","url":"https:\/\/fondationprimat.org\/wp-content\/uploads\/2020\/07\/food_packaging_main-1024x509-371en5npanmwxm1lfkr7r4.jpg","contentUrl":"https:\/\/fondationprimat.org\/wp-content\/uploads\/2020\/07\/food_packaging_main-1024x509-371en5npanmwxm1lfkr7r4.jpg","width":1170,"height":550},{"@type":"BreadcrumbList","@id":"https:\/\/fondationprimat.org\/en\/videos-scientifiques-sur-la-toxicite-de-certains-emballage-alimentaires-pour-la-sante-humaine-et-environnementale\/#breadcrumb","itemListElement":[{"@type":"ListItem","position":1,"name":"Home","item":"https:\/\/fondationprimat.org\/en\/"},{"@type":"ListItem","position":2,"name":"Vid\u00e9os scientifiques sur la toxicit\u00e9 de certains emballages alimentaires pour la sant\u00e9 humaine et environnementale"}]},{"@type":"WebSite","@id":"https:\/\/fondationprimat.org\/#website","url":"https:\/\/fondationprimat.org\/","name":"Fondation Didier et Martine Primat","description":"","publisher":{"@id":"https:\/\/fondationprimat.org\/#organization"},"alternateName":"Fondation Primat","potentialAction":[{"@type":"SearchAction","target":{"@type":"EntryPoint","urlTemplate":"https:\/\/fondationprimat.org\/?s={search_term_string}"},"query-input":{"@type":"PropertyValueSpecification","valueRequired":true,"valueName":"search_term_string"}}],"inLanguage":"en-US"},{"@type":"Organization","@id":"https:\/\/fondationprimat.org\/#organization","name":"Fondation Didier et Martine Primat","url":"https:\/\/fondationprimat.org\/","logo":{"@type":"ImageObject","inLanguage":"en-US","@id":"https:\/\/fondationprimat.org\/#\/schema\/logo\/image\/","url":"https:\/\/fondationprimat.org\/wp-content\/uploads\/2026\/09\/Logo-Fondation-Primat.png.webp","contentUrl":"https:\/\/fondationprimat.org\/wp-content\/uploads\/2026\/09\/Logo-Fondation-Primat.png.webp","width":768,"height":742,"caption":"Fondation Didier et Martine Primat"},"image":{"@id":"https:\/\/fondationprimat.org\/#\/schema\/logo\/image\/"}},{"@type":"Person","@id":"https:\/\/fondationprimat.org\/#\/schema\/person\/ec184bf89fb6c267cc11ca6e54ab6e5b","name":"Ga\u00ebl Lugaz","image":{"@type":"ImageObject","inLanguage":"en-US","@id":"https:\/\/secure.gravatar.com\/avatar\/ef21b12be65ef847d06267bb1807ba80e502590c8282fd0298a08a7278d44861?s=96&d=mm&r=g","url":"https:\/\/secure.gravatar.com\/avatar\/ef21b12be65ef847d06267bb1807ba80e502590c8282fd0298a08a7278d44861?s=96&d=mm&r=g","contentUrl":"https:\/\/secure.gravatar.com\/avatar\/ef21b12be65ef847d06267bb1807ba80e502590c8282fd0298a08a7278d44861?s=96&d=mm&r=g","caption":"Ga\u00ebl Lugaz"}}]}},"_links":{"self":[{"href":"https:\/\/fondationprimat.org\/en\/wp-json\/wp\/v2\/posts\/3537","targetHints":{"allow":["GET"]}}],"collection":[{"href":"https:\/\/fondationprimat.org\/en\/wp-json\/wp\/v2\/posts"}],"about":[{"href":"https:\/\/fondationprimat.org\/en\/wp-json\/wp\/v2\/types\/post"}],"author":[{"embeddable":true,"href":"https:\/\/fondationprimat.org\/en\/wp-json\/wp\/v2\/users\/4"}],"replies":[{"embeddable":true,"href":"https:\/\/fondationprimat.org\/en\/wp-json\/wp\/v2\/comments?post=3537"}],"version-history":[{"count":4,"href":"https:\/\/fondationprimat.org\/en\/wp-json\/wp\/v2\/posts\/3537\/revisions"}],"predecessor-version":[{"id":7232,"href":"https:\/\/fondationprimat.org\/en\/wp-json\/wp\/v2\/posts\/3537\/revisions\/7232"}],"wp:featuredmedia":[{"embeddable":true,"href":"https:\/\/fondationprimat.org\/en\/wp-json\/wp\/v2\/media\/2631"}],"wp:attachment":[{"href":"https:\/\/fondationprimat.org\/en\/wp-json\/wp\/v2\/media?parent=3537"}],"wp:term":[{"taxonomy":"category","embeddable":true,"href":"https:\/\/fondationprimat.org\/en\/wp-json\/wp\/v2\/categories?post=3537"},{"taxonomy":"post_tag","embeddable":true,"href":"https:\/\/fondationprimat.org\/en\/wp-json\/wp\/v2\/tags?post=3537"}],"curies":[{"name":"wp","href":"https:\/\/api.w.org\/{rel}","templated":true}]}}